{"id":6119,"date":"2019-02-26T14:32:48","date_gmt":"2019-02-26T13:32:48","guid":{"rendered":"https:\/\/meier-gerdingh.de\/wp-spd-ob\/?p=6119"},"modified":"2019-02-27T14:35:23","modified_gmt":"2019-02-27T13:35:23","slug":"problem-der-vermuellung-stellt-sich-nach-wie-vor","status":"publish","type":"post","link":"https:\/\/meier-gerdingh.de\/wp-spd-ob\/2019\/02\/26\/problem-der-vermuellung-stellt-sich-nach-wie-vor\/","title":{"rendered":"Problem der Verm\u00fcllung stellt sich nach wie vor"},"content":{"rendered":"<div id=\"attachment_6116\" style=\"width: 730px\" class=\"wp-caption aligncenter\"><a href=\"https:\/\/meier-gerdingh.de\/wp-spd-ob\/wp-content\/uploads\/2019\/02\/klausur_ak_umwelt_2019_lg.jpg\"><img aria-describedby=\"caption-attachment-6116\" decoding=\"async\" class=\"size-full wp-image-6116\" src=\"https:\/\/meier-gerdingh.de\/wp-spd-ob\/wp-content\/uploads\/2019\/02\/klausur_ak_umwelt_2019.jpg\" alt=\"\" width=\"720\" height=\"450\" srcset=\"https:\/\/meier-gerdingh.de\/wp-spd-ob\/wp-content\/uploads\/2019\/02\/klausur_ak_umwelt_2019.jpg 720w, https:\/\/meier-gerdingh.de\/wp-spd-ob\/wp-content\/uploads\/2019\/02\/klausur_ak_umwelt_2019-300x188.jpg 300w\" sizes=\"(max-width: 720px) 100vw, 720px\" \/><\/a><p id=\"caption-attachment-6116\" class=\"wp-caption-text\">Der Arbeitskreis Umwelt der SPD-Ratsfraktion traf sich zur Klausurtagung<\/p><\/div>\n<p>Die Mitglieder des Arbeitskreises Umwelt der SPD-Ratsfraktion haben jetzt auf einer Tagesklausur die Schwerpunkte ihrer Arbeit f\u00fcr die kommenden Monate festgelegt. Vertreter der Verwaltung und st\u00e4dtischer Gesellschaften waren ebenfalls eingeladen, um \u00fcber neue Entwicklungen in ihren Bereichen zu berichten.<\/p>\n<p>Ein wichtiger Aspekt der Klausur war der Tagesordnungspunkt Stadtsauberkeit: &#8222;Bei allen ernsthaften Bem\u00fchungen, die Politik, Verwaltung und die st\u00e4dtischen Gesellschaften auch an den Tag gelegt haben, m\u00fcssen wir feststellen: Das Problem ist nicht kleiner geworden, im Gegenteil&#8220;, erkl\u00e4rt Manfred Flore, umweltpolitischer Sprecher der SPD-Fraktion. Hier m\u00fcssten neue Wege gefunden werden, auch im Bezug auf die Eigenverantwortlichkeit der B\u00fcrgerinnen und B\u00fcrger.<!--more--><\/p>\n<p>Dass das M\u00fcllproblem in Oberhausen keinesfalls kleiner geworden ist, zeigt sich auch daran, dass die Verwaltung neue, rechtliche Rahmen bei der Sch\u00e4dlingsbek\u00e4mpfung setzen will: Der Ansatz, mittels einer ordnungsbeh\u00f6rdlichen Verordnung Grundst\u00fcckseigent\u00fcmer zur Rattenbek\u00e4mpfung zu verpflichten und Ansammlungen von M\u00fcll, Unrat und Ger\u00fcmpel zu untersagen, st\u00f6\u00dft bei den sozialdemokratischen Umweltpolitikern auf Sympathie.<\/p>\n<p>&#8222;Wir m\u00fcssen registrieren, dass gut gemeinte Appelle oft nicht fruchten, dann m\u00fcssen wir der Verwaltung auch die M\u00f6glichkeit geben, unkooperatives Verhalten zu sanktionieren&#8220;, so Flore.<\/p>\n","protected":false},"excerpt":{"rendered":"<p>Die Mitglieder des Arbeitskreises Umwelt der SPD-Ratsfraktion haben jetzt auf einer Tagesklausur die Schwerpunkte ihrer Arbeit f\u00fcr die kommenden Monate festgelegt. Vertreter der Verwaltung und st\u00e4dtischer Gesellschaften waren ebenfalls eingeladen,&hellip; <\/p>\n","protected":false},"author":1,"featured_media":0,"comment_status":"closed","ping_status":"closed","sticky":false,"template":"","format":"standard","meta":{"footnotes":""},"categories":[29],"tags":[1735,114,1844,1843],"quellen":[326],"class_list":["post-6119","post","type-post","status-publish","format-standard","hentry","category-umwelt","tag-muell","tag-sauberkeit","tag-schaedlingsbekaempfung","tag-vermuellung","quellen-spd-fraktion-oberhausen"],"_links":{"self":[{"href":"https:\/\/meier-gerdingh.de\/wp-spd-ob\/wp-json\/wp\/v2\/posts\/6119","targetHints":{"allow":["GET"]}}],"collection":[{"href":"https:\/\/meier-gerdingh.de\/wp-spd-ob\/wp-json\/wp\/v2\/posts"}],"about":[{"href":"https:\/\/meier-gerdingh.de\/wp-spd-ob\/wp-json\/wp\/v2\/types\/post"}],"author":[{"embeddable":true,"href":"https:\/\/meier-gerdingh.de\/wp-spd-ob\/wp-json\/wp\/v2\/users\/1"}],"replies":[{"embeddable":true,"href":"https:\/\/meier-gerdingh.de\/wp-spd-ob\/wp-json\/wp\/v2\/comments?post=6119"}],"version-history":[{"count":0,"href":"https:\/\/meier-gerdingh.de\/wp-spd-ob\/wp-json\/wp\/v2\/posts\/6119\/revisions"}],"wp:attachment":[{"href":"https:\/\/meier-gerdingh.de\/wp-spd-ob\/wp-json\/wp\/v2\/media?parent=6119"}],"wp:term":[{"taxonomy":"category","embeddable":true,"href":"https:\/\/meier-gerdingh.de\/wp-spd-ob\/wp-json\/wp\/v2\/categories?post=6119"},{"taxonomy":"post_tag","embeddable":true,"href":"https:\/\/meier-gerdingh.de\/wp-spd-ob\/wp-json\/wp\/v2\/tags?post=6119"},{"taxonomy":"quellen","embeddable":true,"href":"https:\/\/meier-gerdingh.de\/wp-spd-ob\/wp-json\/wp\/v2\/quellen?post=6119"}],"curies":[{"name":"wp","href":"https:\/\/api.w.org\/{rel}","templated":true}]}}