{"id":613,"date":"2008-01-11T17:00:00","date_gmt":"2008-01-11T15:00:00","guid":{"rendered":"http:\/\/www.meier-gerdingh.de\/spd-oberhausen\/wp\/?p=613"},"modified":"2017-05-14T15:06:11","modified_gmt":"2017-05-14T13:06:11","slug":"land-muss-zusagen-fuer-hauptschulen-einhalten","status":"publish","type":"post","link":"https:\/\/meier-gerdingh.de\/wp-spd-ob\/2008\/01\/11\/land-muss-zusagen-fuer-hauptschulen-einhalten\/","title":{"rendered":"Land muss Zusagen f\u00fcr Hauptschulen einhalten"},"content":{"rendered":"<div style=\"width: 150px\" class=\"wp-caption alignleft\"><a href=\"http:\/\/meier-gerdingh.de\/wp-spd-ob\/wp-content\/uploads\/grosse_broemer_wolfgang.jpg\"><img decoding=\"async\" class=\"size-full\" src=\"http:\/\/meier-gerdingh.de\/wp-spd-ob\/wp-content\/uploads\/grosse_broemer_wolfgang.jpg\" alt=\"Wolfgang Gro\u00dfe Br\u00f6mer ist Vorsitzender der SPD-Fraktion im Rat der Stadt Oberhausen und Mitglied des Landtags von NRW\" width=\"140\" height=\"191\" \/><\/a><p class=\"wp-caption-text\">Wolfgang Gro\u00dfe Br\u00f6mer ist Vorsitzender der SPD-Fraktion im Rat der Stadt Oberhausen und Mitglied des Landtags von NRW<\/p><\/div>\n<p>Irritiert zeigt sich die Oberhausener SPD \u00fcber eine Pressemitteilung der Landesregierung, nach der ausschlie\u00dflich die Hauptschule St. Michael die Genehmigung f\u00fcr den Ganztagsbetrieb zum n\u00e4chsten Schuljahr erh\u00e4lt. Die Stadt Oberhausen hatte einen entsprechenden Antrag auch f\u00fcr die Hauptschule Eisenheim gestellt und die Landesregierung hatte im letzten Jahr angek\u00fcndigt, alle Antr\u00e4ge zu ber\u00fccksichtigen. &#8222;Diese Zusage muss eingehalten werden&#8220;, so Wolfgang Gro\u00dfe Br\u00f6mer, Vorsitzender der SPD-Ratsfraktion. Es k\u00f6nne nicht sein, dass die Hauptschule Eisenheim hinten r\u00fcber falle. Auch hier sei eine ganzt\u00e4gige F\u00f6rderung und Betreuung der Sch\u00fclerinnen und Sch\u00fcler dringend notwendig.<!--more--><\/p>\n<p>Erfreut hat die SPD zur Kenntnis genommen, dass die Hauptschule St. Michael zum n\u00e4chsten Schuljahr den Ganztagsbetrieb aufnehmen soll und dass die Landesregierung der Hauptschule Unterst\u00fctzung beim Ausbau zugesagt hat.<\/p>\n<p>Weitere Klarheit \u00fcber die Entwicklung der Ganztagshauptschulen in Oberhausen will die SPD nun durch Anfragen an die Landesregierung und die Stadtverwaltung schaffen.<\/p>\n<p>So wollen die Sozialdemokraten erfahren, ob sich das Land entgegen bisherigen Aussagen nun doch wieder an den Kosten f\u00fcr Bauma\u00dfnahmen f\u00fcr den Ganztag beteiligt und, wenn ja, in welcher H\u00f6he. Bisher hie\u00df es, das Land w\u00fcrde hierf\u00fcr keine Mittel mehr bewilligen.<\/p>\n<p>&#8222;Wir halten es f\u00fcr unbedingt notwendig, dass das Land wie bisher Mittel f\u00fcr den r\u00e4umlichen Ausbau von Ganztagsschulen bewilligt. Die Stadt Oberhausen wird sich zwar trotz schwieriger Finanzlage wie bisher an den Kosten beteiligen, kann fehlende Mittel vom Land aber nicht ersetzen&#8220;, so Stefan Zimkeit, der schulpolitische Sprecher der SPD-Ratsfraktion.<\/p>\n<p>Insbesondere wollen der Landtagsabgeordnete Gro\u00dfe Br\u00f6mer mit seiner Anfrage in D\u00fcsseldorf und der Stadtverordnete Zimkeit mit seiner Anfrage bei der Stadt aber in Erfahrung bringen, ob auch die Hauptschule Eisenheim zum n\u00e4chsten Schuljahr den Ganztagsbetrieb aufnehmen kann.<\/p>\n","protected":false},"excerpt":{"rendered":"<p>Irritiert zeigt sich die Oberhausener SPD \u00fcber eine Pressemitteilung der Landesregierung, nach der ausschlie\u00dflich die Hauptschule St. Michael die Genehmigung f\u00fcr den Ganztagsbetrieb zum n\u00e4chsten Schuljahr erh\u00e4lt. Die Stadt Oberhausen&hellip; <\/p>\n","protected":false},"author":1,"featured_media":0,"comment_status":"closed","ping_status":"closed","sticky":false,"template":"","format":"standard","meta":{"footnotes":""},"categories":[1],"tags":[],"quellen":[],"class_list":["post-613","post","type-post","status-publish","format-standard","hentry","category-allgemein"],"_links":{"self":[{"href":"https:\/\/meier-gerdingh.de\/wp-spd-ob\/wp-json\/wp\/v2\/posts\/613","targetHints":{"allow":["GET"]}}],"collection":[{"href":"https:\/\/meier-gerdingh.de\/wp-spd-ob\/wp-json\/wp\/v2\/posts"}],"about":[{"href":"https:\/\/meier-gerdingh.de\/wp-spd-ob\/wp-json\/wp\/v2\/types\/post"}],"author":[{"embeddable":true,"href":"https:\/\/meier-gerdingh.de\/wp-spd-ob\/wp-json\/wp\/v2\/users\/1"}],"replies":[{"embeddable":true,"href":"https:\/\/meier-gerdingh.de\/wp-spd-ob\/wp-json\/wp\/v2\/comments?post=613"}],"version-history":[{"count":0,"href":"https:\/\/meier-gerdingh.de\/wp-spd-ob\/wp-json\/wp\/v2\/posts\/613\/revisions"}],"wp:attachment":[{"href":"https:\/\/meier-gerdingh.de\/wp-spd-ob\/wp-json\/wp\/v2\/media?parent=613"}],"wp:term":[{"taxonomy":"category","embeddable":true,"href":"https:\/\/meier-gerdingh.de\/wp-spd-ob\/wp-json\/wp\/v2\/categories?post=613"},{"taxonomy":"post_tag","embeddable":true,"href":"https:\/\/meier-gerdingh.de\/wp-spd-ob\/wp-json\/wp\/v2\/tags?post=613"},{"taxonomy":"quellen","embeddable":true,"href":"https:\/\/meier-gerdingh.de\/wp-spd-ob\/wp-json\/wp\/v2\/quellen?post=613"}],"curies":[{"name":"wp","href":"https:\/\/api.w.org\/{rel}","templated":true}]}}