{"id":6148,"date":"2019-03-10T08:31:26","date_gmt":"2019-03-10T07:31:26","guid":{"rendered":"https:\/\/meier-gerdingh.de\/wp-spd-ob\/?p=6148"},"modified":"2019-03-15T08:37:06","modified_gmt":"2019-03-15T07:37:06","slug":"sandra-jungmaier-bleibt-spd-chefin-in-alstaden-und-lirich","status":"publish","type":"post","link":"https:\/\/meier-gerdingh.de\/wp-spd-ob\/2019\/03\/10\/sandra-jungmaier-bleibt-spd-chefin-in-alstaden-und-lirich\/","title":{"rendered":"Sandra Jungmaier bleibt SPD-Chefin in Alstaden und Lirich"},"content":{"rendered":"<p><a href=\"https:\/\/meier-gerdingh.de\/wp-spd-ob\/wp-content\/uploads\/banner_ov_west_neu.jpg\"><img decoding=\"async\" class=\"aligncenter size-full wp-image-1778\" src=\"https:\/\/meier-gerdingh.de\/wp-spd-ob\/wp-content\/uploads\/banner_ov_west_neu.jpg\" alt=\"\" width=\"600\" height=\"150\" srcset=\"https:\/\/meier-gerdingh.de\/wp-spd-ob\/wp-content\/uploads\/banner_ov_west_neu.jpg 600w, https:\/\/meier-gerdingh.de\/wp-spd-ob\/wp-content\/uploads\/banner_ov_west_neu-300x75.jpg 300w\" sizes=\"(max-width: 600px) 100vw, 600px\" \/><\/a><\/p>\n<div id=\"attachment_5284\" style=\"width: 190px\" class=\"wp-caption alignleft\"><a href=\"https:\/\/meier-gerdingh.de\/wp-spd-ob\/wp-content\/uploads\/2018\/06\/ov-west-jungmaier-sandra-180.jpg\"><img aria-describedby=\"caption-attachment-5284\" decoding=\"async\" class=\"size-full wp-image-5284\" src=\"https:\/\/meier-gerdingh.de\/wp-spd-ob\/wp-content\/uploads\/2018\/06\/ov-west-jungmaier-sandra-180.jpg\" alt=\"\" width=\"180\" height=\"180\" srcset=\"https:\/\/meier-gerdingh.de\/wp-spd-ob\/wp-content\/uploads\/2018\/06\/ov-west-jungmaier-sandra-180.jpg 180w, https:\/\/meier-gerdingh.de\/wp-spd-ob\/wp-content\/uploads\/2018\/06\/ov-west-jungmaier-sandra-180-150x150.jpg 150w\" sizes=\"(max-width: 180px) 100vw, 180px\" \/><\/a><p id=\"caption-attachment-5284\" class=\"wp-caption-text\">Sandra Jungmaier ist Vorsitzende des SPD-Ortsvereins Oberhausen-West<\/p><\/div>\n<p>Sandra Jungmaier bleibt auch in den kommenden zwei Jahren Vorsitzende des SPD-Ortsvereins Oberhausen-West. Auf ihrer Jahreshauptversammlung im nagelneuen Gemeindesaal der Paulus-Kirche best\u00e4tigten die Sozialdemokraten aus Alstaden und Lirich die 48-J\u00e4hrige mit gro\u00dfer Mehrheit in ihrem Amt. Die geb\u00fcrtige Alstadenerin hatte 2017 die Nachfolge des langj\u00e4hrigen Ortsvereinsvorsitzenden Dirk V\u00f6pel angetreten, der seit knapp drei Jahren Vorsitzender der Oberhausener SPD ist.<!--more--><\/p>\n<p>Sandra Jungmaier nutzte ihren Rechenschaftsbericht, um ausf\u00fchrlich auf aktuelle Probleme, aber auch zuk\u00fcnftige Chancen der Stadtteilentwicklung in Alstaden und Lirich einzugehen. So k\u00f6nne zum Beispiel der Stadtteil Lirich durch das neue Projekt Br\u00fcckenschlag eine erhebliche Aufwertung erfahren. Der Ortsverein West werde die verschiedenen Einzelma\u00dfnahmen sehr intensiv begleiten und dabei auch eng mit dem SPD-Ortsverein Mitte zusammenarbeiten. Ein Wermuts-Tropfen sei allerdings, dass der Altenberg-Park bisher nicht vom Projekt Br\u00fcckenschlag profitieren k\u00f6nne. Dennoch gebe sie die Hoffnung nicht auf, dass auch der Park in n\u00e4herer Zukunft umgestaltet werden k\u00f6nne. Ausdr\u00fccklich begr\u00fc\u00dfte Sandra Jungmaier die Entscheidung der Stadt zur Sanierung der Arbeitersiedlung Gustavstra\u00dfe.<\/p>\n<p>Als besonders erfreulich f\u00fcr die weitere Entwicklung des Stadtteils Alstaden bezeichnete sie die geplante Aufwertung des Ruhrparks im Zuge der Internationalen Gartenausstellung 2027. Jungmaier k\u00fcndigte an, dass der Ortsverein West auch dieses Projekt aufmerksam verfolgen werde.<\/p>\n<p>Bei der politischen Arbeit in den n\u00e4chsten zwei Jahren kann sich Sandra Jungmaier auf ihre drei <strong>Stellvertreter<\/strong> Ralf Bohnes, Sonja Bongers und Alexis Heitmann verlassen, die ebenfalls mit gro\u00dfer Mehrheit gew\u00e4hlt wurden. Sascha B\u00f6hle und Michael Fendrich wurden als <strong>Kassierer<\/strong> best\u00e4tigt. Als <strong>Schriftf\u00fchrer<\/strong> wiedergew\u00e4hlt wurde Gionatan De Castro. Neuer Schriftf\u00fchrer ist Manfred Ecker.<\/p>\n<p>Einstimmig erfolgte die Wahl der drei <strong>Revisorinnen und Revisoren<\/strong> Thomas Beuler, Kirsten Oberste-Kleinbeck und Gerold St\u00f6ck. In den <strong>UB-Ausschuss<\/strong> entsendet der Ortsverein Gerold St\u00f6ck (Pers\u00f6nlicher Stellvertreter: Florian Wels), Dagmar Heitmann (Pers\u00f6nlicher Stellvertreter: Michael Kreutz) und Ralf Bohnes (Pers\u00f6nliche Stellvertreterin: Jill Wasiak).<\/p>\n<p>Dem neuen Ortsvereinsvorstand geh\u00f6ren <strong>11 Beisitzerinnen und Beisitzer<\/strong> an: Max A\u00dfenmacher, Heinz-Werner Bruns, Susanne Cordes, Ren\u00e9 Derksen, Rebecca Fehrenberg, Dagmar Heitmann, Robin Katernberg, Jutta Klu\u00df, Michael Kreutz, B\u00fclent Sahin und Florian Wels.<\/p>\n<p>Auf den <strong>UB-Parteitagen<\/strong> wird der Ortsverein West im Jahr 2019 durch <strong>15 Delegierte<\/strong> vertreten: Thomas Beuler, Sascha B\u00f6hle, Ralf Bohnes, Sonja Bongers, Susanne Cordes, Britta Costecki, Gionatan De Castro, Ren\u00e9 Derksen, Michael Fendrich, Alexis Heitmann, Dagmar Heitmann, Sandra Jungmaier, Robin Katernberg, Jutta Klu\u00df und Dirk V\u00f6pel.<\/p>\n","protected":false},"excerpt":{"rendered":"<p>Sandra Jungmaier bleibt auch in den kommenden zwei Jahren Vorsitzende des SPD-Ortsvereins Oberhausen-West. Auf ihrer Jahreshauptversammlung im nagelneuen Gemeindesaal der Paulus-Kirche best\u00e4tigten die Sozialdemokraten aus Alstaden und Lirich die 48-J\u00e4hrige&hellip; <\/p>\n","protected":false},"author":1,"featured_media":0,"comment_status":"closed","ping_status":"closed","sticky":false,"template":"","format":"standard","meta":{"footnotes":""},"categories":[173,167],"tags":[134,1854,1855,152,71,183,1853,681],"quellen":[335],"class_list":["post-6148","post","type-post","status-publish","format-standard","hentry","category-parteileben","category-stadtteile","tag-alstaden","tag-altenberg-park","tag-arbeitersiedlung-gustavstrasse","tag-delegiertenwahlen","tag-jahreshauptversammlung","tag-lirich","tag-ruhrpark","tag-vorstandswahlen","quellen-ov-west"],"_links":{"self":[{"href":"https:\/\/meier-gerdingh.de\/wp-spd-ob\/wp-json\/wp\/v2\/posts\/6148","targetHints":{"allow":["GET"]}}],"collection":[{"href":"https:\/\/meier-gerdingh.de\/wp-spd-ob\/wp-json\/wp\/v2\/posts"}],"about":[{"href":"https:\/\/meier-gerdingh.de\/wp-spd-ob\/wp-json\/wp\/v2\/types\/post"}],"author":[{"embeddable":true,"href":"https:\/\/meier-gerdingh.de\/wp-spd-ob\/wp-json\/wp\/v2\/users\/1"}],"replies":[{"embeddable":true,"href":"https:\/\/meier-gerdingh.de\/wp-spd-ob\/wp-json\/wp\/v2\/comments?post=6148"}],"version-history":[{"count":0,"href":"https:\/\/meier-gerdingh.de\/wp-spd-ob\/wp-json\/wp\/v2\/posts\/6148\/revisions"}],"wp:attachment":[{"href":"https:\/\/meier-gerdingh.de\/wp-spd-ob\/wp-json\/wp\/v2\/media?parent=6148"}],"wp:term":[{"taxonomy":"category","embeddable":true,"href":"https:\/\/meier-gerdingh.de\/wp-spd-ob\/wp-json\/wp\/v2\/categories?post=6148"},{"taxonomy":"post_tag","embeddable":true,"href":"https:\/\/meier-gerdingh.de\/wp-spd-ob\/wp-json\/wp\/v2\/tags?post=6148"},{"taxonomy":"quellen","embeddable":true,"href":"https:\/\/meier-gerdingh.de\/wp-spd-ob\/wp-json\/wp\/v2\/quellen?post=6148"}],"curies":[{"name":"wp","href":"https:\/\/api.w.org\/{rel}","templated":true}]}}