{"id":6149,"date":"2019-03-14T12:37:09","date_gmt":"2019-03-14T11:37:09","guid":{"rendered":"https:\/\/meier-gerdingh.de\/wp-spd-ob\/?p=6149"},"modified":"2019-03-15T08:42:48","modified_gmt":"2019-03-15T07:42:48","slug":"schneller-zum-arzt-mehr-sprechstunden-und-weniger-wartezeiten-fuer-gesetzlich-versicherte","status":"publish","type":"post","link":"https:\/\/meier-gerdingh.de\/wp-spd-ob\/2019\/03\/14\/schneller-zum-arzt-mehr-sprechstunden-und-weniger-wartezeiten-fuer-gesetzlich-versicherte\/","title":{"rendered":"Schneller zum Arzt, mehr Sprechstunden und weniger Wartezeiten f\u00fcr gesetzlich Versicherte"},"content":{"rendered":"<p><a href=\"https:\/\/meier-gerdingh.de\/wp-spd-ob\/wp-content\/uploads\/2019\/03\/banner_tsvg_dransein.jpg\"><img decoding=\"async\" class=\"aligncenter size-full wp-image-6147\" src=\"https:\/\/meier-gerdingh.de\/wp-spd-ob\/wp-content\/uploads\/2019\/03\/banner_tsvg_dransein.jpg\" alt=\"\" width=\"720\" height=\"480\" srcset=\"https:\/\/meier-gerdingh.de\/wp-spd-ob\/wp-content\/uploads\/2019\/03\/banner_tsvg_dransein.jpg 720w, https:\/\/meier-gerdingh.de\/wp-spd-ob\/wp-content\/uploads\/2019\/03\/banner_tsvg_dransein-300x200.jpg 300w\" sizes=\"(max-width: 720px) 100vw, 720px\" \/><\/a><\/p>\n<div id=\"attachment_1681\" style=\"width: 150px\" class=\"wp-caption alignleft\"><a href=\"https:\/\/meier-gerdingh.de\/wp-spd-ob\/wp-content\/uploads\/voepel_dirk_mdb.jpg\"><img aria-describedby=\"caption-attachment-1681\" decoding=\"async\" class=\"size-full wp-image-1681\" src=\"https:\/\/meier-gerdingh.de\/wp-spd-ob\/wp-content\/uploads\/voepel_dirk_mdb.jpg\" alt=\"\" width=\"140\" height=\"180\" \/><\/a><p id=\"caption-attachment-1681\" class=\"wp-caption-text\">Dirk V\u00f6pel ist Bundestagsabgeordneter f\u00fcr Oberhausen und Dinslaken und Vorsitzender der Oberhausener SPD<\/p><\/div>\n<p>&#8222;F\u00fcr viele Menschen ist es ein gro\u00dfes \u00c4rgernis, dass gesetzlich Versicherte l\u00e4nger auf einen Arzttermin warten m\u00fcssen als privat Versicherte. Diese Ungerechtigkeit beseitigen wir nun mit dem heute vom Bundestag beschlossenen Terminservice- und Versorgungsgesetz&#8220;, sagt Dirk V\u00f6pel, Bundestagsabgeordneter f\u00fcr Oberhausen und Dinslaken.<\/p>\n<p>Mit dem Terminservice- und Versorgungsgesetz hat der Bundestag wichtige Verbesserungen f\u00fcr den Zugang zum Arzt in Deutschland beschlossen. Niedergelassene \u00c4rztinnen und \u00c4rzte werden k\u00fcnftig f\u00fcr 90% der Menschen in Deutschland mehr Sprechstunden und fr\u00fchere Termine anbieten \u2013 n\u00e4mlich f\u00fcr die gesetzlich Versicherten. Zugleich vermitteln die Terminservicestellen zuk\u00fcnftig rund um die Uhr \u00fcber die Rufnummer 116 117 Termine an Fach\u00e4rzte sowie an Haus- und Kinder\u00e4rzte.<!--more--><\/p>\n<p>\u00c4rztinnen und \u00c4rzte werden f\u00fcr die Behandlung von gesetzlich versicherten Patientinnen und Patienten deutlich besser verg\u00fctet. Au\u00dferdem wird die Verbreitung der medizinisch sinnvollen Hausarztvertr\u00e4ge gesteigert, indem eingeschriebene Versicherte k\u00fcnftig finanzielle Vorteile von den Krankenkassen erhalten. Schritt f\u00fcr Schritt bauen wir so die Zwei-Klassen-Medizin in Deutschland ab, betont MdB Dirk V\u00f6pel.<\/p>\n<h3 class=\"spd-ob-crossheading\">Sprechstundenangebot wird ausgeweitet<\/h3>\n<p>K\u00fcnftig m\u00fcssen Vertrags\u00e4rztinnen und -\u00e4rzte w\u00f6chentlich mindestens 25 Sprechstunden f\u00fcr gesetzlich Versicherte anbieten. Derzeit sind es nur 20 Stunden. Hiervon m\u00fcssen Fach\u00e4rztinnen und -\u00e4rzte der grundversorgenden und wohnortnahen Versorgung (z.B. konservativ t\u00e4tige Augen\u00e4rztinnen und -\u00e4rzte, Frauen\u00e4rztinnen und -\u00e4rzte und HNO-\u00c4rztinnen und -\u00e4rzte) w\u00f6chentlich f\u00fcnf offene Sprechstunden anbieten. Das erweiterte Sprechstundenangebot wird besser verg\u00fctet.<\/p>\n<h3 class=\"spd-ob-crossheading\">Neue Leistungen<\/h3>\n<p>Der GKV-Leistungskatalog wird um wichtige neue Leistungen erweitert: Versicherte mit einem substantiellen HIV-Infektionsrisiko haben zuk\u00fcnftig Anspruch auf eine medikament\u00f6se HIV-Vorsorge). Patienten, denen aufgrund einer keimzellsch\u00e4digenden Therapie (z.B. Chemotherapie) ein Fertilit\u00e4tsverlust droht, k\u00f6nnen auf Kosten der GKV ihre Ei- oder Samenzellen konservieren lassen, um nach ihrer Genesung eine k\u00fcnstliche Befruchtung vorzunehmen.<\/p>\n<h3 class=\"spd-ob-crossheading\">Elektronische Patientenakte ab 2021<\/h3>\n<p>Patientinnen und Patienten sollen die M\u00f6glichkeiten der Digitalisierung im Gesundheitswesen st\u00e4rker praktisch nutzen k\u00f6nnen. Daf\u00fcr m\u00fcssen die Krankenkassen sp\u00e4testens ab 2021 eine elektronische Patientenakte zur Verf\u00fcgung stellen. Medizinische Daten sind dann auch mittels Smartphone oder Tablet abrufbar.<\/p>\n<h3 class=\"spd-ob-crossheading\">Hausarztversorgung: Bonus f\u00fcr eingeschriebene Versicherte<\/h3>\n<p>Die SPD hat durchgesetzt, dass alle Krankenkassen f\u00fcr ihre Versicherten einen Bonus aussch\u00fctten m\u00fcssen, die sich in Hausarztvertr\u00e4ge einschreiben. Das macht die haus\u00e4rztliche Versorgung attraktiver und belohnt die teilnehmenden Versicherten. Der Bonus kann in Form von Pr\u00e4mien ausgezahlt werden oder die Kassen k\u00f6nnen Zuzahlungen erlassen.<\/p>\n<h3 class=\"spd-ob-crossheading\">H\u00f6here Festzusch\u00fcsse f\u00fcr Zahnersatz und besseres Entlassmanagement f\u00fcr Krankenhauspatienten<\/h3>\n<p>Die SPD hat ebenso erreicht, dass die im Koalitionsvertrag vereinbarten h\u00f6heren Festzusch\u00fcsse f\u00fcr Zahnersatz bereits drei Monate fr\u00fcher als urspr\u00fcnglich geplant, n\u00e4mlich zum 1. Oktober 2020 in Kraft treten. Auch m\u00fcssen die Krankenh\u00e4user im Rahmen des Entlassmanagements Versicherte bei der Beantragung von Kurzzeitpflege, ambulanter Palliativversorgung und Haushaltshilfe unterst\u00fctzen.<\/p>\n","protected":false},"excerpt":{"rendered":"<p>&#8222;F\u00fcr viele Menschen ist es ein gro\u00dfes \u00c4rgernis, dass gesetzlich Versicherte l\u00e4nger auf einen Arzttermin warten m\u00fcssen als privat Versicherte. Diese Ungerechtigkeit beseitigen wir nun mit dem heute vom Bundestag&hellip; <\/p>\n","protected":false},"author":1,"featured_media":0,"comment_status":"closed","ping_status":"closed","sticky":false,"template":"","format":"standard","meta":{"footnotes":""},"categories":[1],"tags":[1859,1857,1860,1858,1681,1862,1861,1572,1856],"quellen":[330],"class_list":["post-6149","post","type-post","status-publish","format-standard","hentry","category-allgemein","tag-arzttermine","tag-elektronische-patientenakte","tag-facharzttermine","tag-gesetzlich-versicherte","tag-gkv","tag-gkv-leistungen","tag-hausarztversorgung","tag-krankenkassen","tag-terminservice-und-versorgungsgesetz","quellen-mdb-dirk-voepel"],"_links":{"self":[{"href":"https:\/\/meier-gerdingh.de\/wp-spd-ob\/wp-json\/wp\/v2\/posts\/6149","targetHints":{"allow":["GET"]}}],"collection":[{"href":"https:\/\/meier-gerdingh.de\/wp-spd-ob\/wp-json\/wp\/v2\/posts"}],"about":[{"href":"https:\/\/meier-gerdingh.de\/wp-spd-ob\/wp-json\/wp\/v2\/types\/post"}],"author":[{"embeddable":true,"href":"https:\/\/meier-gerdingh.de\/wp-spd-ob\/wp-json\/wp\/v2\/users\/1"}],"replies":[{"embeddable":true,"href":"https:\/\/meier-gerdingh.de\/wp-spd-ob\/wp-json\/wp\/v2\/comments?post=6149"}],"version-history":[{"count":0,"href":"https:\/\/meier-gerdingh.de\/wp-spd-ob\/wp-json\/wp\/v2\/posts\/6149\/revisions"}],"wp:attachment":[{"href":"https:\/\/meier-gerdingh.de\/wp-spd-ob\/wp-json\/wp\/v2\/media?parent=6149"}],"wp:term":[{"taxonomy":"category","embeddable":true,"href":"https:\/\/meier-gerdingh.de\/wp-spd-ob\/wp-json\/wp\/v2\/categories?post=6149"},{"taxonomy":"post_tag","embeddable":true,"href":"https:\/\/meier-gerdingh.de\/wp-spd-ob\/wp-json\/wp\/v2\/tags?post=6149"},{"taxonomy":"quellen","embeddable":true,"href":"https:\/\/meier-gerdingh.de\/wp-spd-ob\/wp-json\/wp\/v2\/quellen?post=6149"}],"curies":[{"name":"wp","href":"https:\/\/api.w.org\/{rel}","templated":true}]}}