{"id":615,"date":"2008-02-14T17:00:00","date_gmt":"2008-02-14T15:00:00","guid":{"rendered":"http:\/\/www.meier-gerdingh.de\/spd-oberhausen\/wp\/?p=615"},"modified":"2017-05-14T15:05:38","modified_gmt":"2017-05-14T13:05:38","slug":"oberhausen-auf-gutem-wegoberhausen-vor-neuen-herausforderungen","status":"publish","type":"post","link":"https:\/\/meier-gerdingh.de\/wp-spd-ob\/2008\/02\/14\/oberhausen-auf-gutem-wegoberhausen-vor-neuen-herausforderungen\/","title":{"rendered":"Oberhausen auf gutem Weg.<br>Oberhausen vor neuen Herausforderungen."},"content":{"rendered":"<div style=\"width: 150px\" class=\"wp-caption alignleft\"><a href=\"http:\/\/meier-gerdingh.de\/wp-spd-ob\/wp-content\/uploads\/wehling_ob.jpg\"><img decoding=\"async\" class=\"size-full\" src=\"http:\/\/meier-gerdingh.de\/wp-spd-ob\/wp-content\/uploads\/wehling_ob.jpg\" alt=\"Oberhausens Oberb\u00fcrgermeister Klaus Wehling\" width=\"140\" height=\"172\" \/><\/a><p class=\"wp-caption-text\">Oberhausens Oberb\u00fcrgermeister Klaus Wehling<\/p><\/div>\n<p>Oberhausen hat beachtliche Erfolge vorzuweisen. Oberhausen ist auf gutem Weg, den Strukturwandel zu meistern und durch kommunalpolitische Akzente die Lebensqualit\u00e4t unserer Stadt weiter nachhaltig zu steigern. Das sind die Botschaften von Oberb\u00fcrgermeister Klaus Wehling bei der Jahreshauptversammlung des SPD-Ortsvereins Oberhausen-Ost. Mit Beispielen aus vielen Feldern der Stadtpolitik untermauerte Wehling seine Analyse: Von 2005 bis 2007 wurden in Oberhausen \u00fcber 2.000 Arbeitspl\u00e4tze durch die Ansiedlung \/ Verlagerung von Unternehmen geschaffen oder gesichert. Dieser Erfolg der Wirtschaftsf\u00f6rderung hat gemeinsam mit der guten Konjunktur dazu beigetragen, dass in den letzten zwei Jahren die Arbeitslosigkeit in unserer Stadt um rund 1.700 Personen sank.<!--more--><\/p>\n<p>Wehling betonte, dass hinter dieser Zahl Menschen stehen, denen eine neue Perspektive er\u00f6ffnet werden konnte. Stadt und Wirtschaftsf\u00f6rderung werden ihre Anstrengungen fortsetzen, gerade jungen Menschen Arbeit zu verschaffen. So sei es sehr ermutigend und erster Lohn einer engagierten Arbeit, dass in 2007 Oberhausen mit 9,6 % mehr Ausbildungspl\u00e4tzen der Spitzenreiter im westlichen Ruhrgebiet sei.<\/p>\n<p>Der Oberb\u00fcrgermeister betonte, wie wichtig ihm die familienfreundliche und solidarische Stadt als Ziele seiner Kommunalpolitik sind. So gebe es trotz knapper Kassen wichtige Handlungsfelder, in denen Oberhausen vorbildlich sei. An erster Stelle nannte Wehling, dass an allen Oberhausener Grundschulen eine Ganztagsbetreuung angeboten werde. Das schaffe bisher keine zweite Gro\u00dfstadt in NRW. Das sei wichtig f\u00fcr die Chancengerechtigkeit &#8211; sowohl der Frauen, die Familie und Beruf vereinbaren wollen, als auch der Kinder, die eine wichtige Zukunftshoffnung der Gesellschaft bilden.<\/p>\n<p>Als Projekte der Stadtentwicklung, bei denen in 2008 konkrete Fortschritte erzielt w\u00fcrden, hob Wehling den Baubeginn f\u00fcr die Centro-Erweiterung und der Ripshorster Br\u00fccke hervor, aber auch die absehbare Komplettvermarktung des Marina-Gel\u00e4ndes. Als Ergebnis zahlreicher ernsthafter Investorenanfragen f\u00fcr das Stahlwerksgel\u00e4nde erwartet der Oberb\u00fcrgermeister auch hier in 2008 weitere Verk\u00e4ufe.<\/p>\n<p>Breiten Raum nahm die Darstellung und Diskussion der Haushaltssicherung ein. Der Oberb\u00fcrgermeister bekr\u00e4ftigte, dass die L\u00fccke zwischen dem j\u00e4hrlichen Loch im Haushalt von<br \/>\n140 Mio. und dem Teil dieses Loches, dass nur f\u00fcr Zins und Tilgung aufgebracht werden m\u00fcsse, n\u00e4mlich 95 Mio. Euro, die harte Erwartung der Kommunalaufsicht darstelle. Also m\u00fcsse die Stadt in sp\u00e4testens 5 Jahren auf eine j\u00e4hrliche Einsparung von 45 Mio. Euro kommen. Das sei hart und werde auch Einschnitte erfordern, die die B\u00fcrgerinnen und B\u00fcrger bemerken werden. Zugleich sicherte Wehling zu, dass eine leistungsf\u00e4hige Infrastruktur unserer Stadt erhalten werde, um den Herausforderungen der Zukunft begegnen zu k\u00f6nnen. Das sei das klare Profil von Oberb\u00fcrgermeister und SPD-Politik in Oberhausen.<\/p>\n<p>Mitglieder des Ortsvereins \u00e4u\u00dferten Verst\u00e4ndnis f\u00fcr die Notwendigkeit zum Sparen, um kleiner gewordene Handlungsspielr\u00e4ume noch zu erhalten. An die B\u00fcrgerschaft wurde appelliert, die Leistungen der zur\u00fcckliegenden Jahre mit Wertsch\u00e4tzung zu versehen: Oberhausen habe im Vergleich seiner Nachbarst\u00e4dte oft vorbildliche Leistungen erbracht. Wenn nun auf diesem Niveau nicht brutale, sondern merkliche Einschnitte notwendig w\u00fcrden, sei auch in der \u00f6ffentlichen Diskussion Augenma\u00df statt Dramatisierung die richtige Sichtweise. Es wurde allseits begr\u00fc\u00dft, dass Parteien wie B\u00fcrgerschaft zur aktiven Mitwirkung, zur Einbringung von sparenden Verbesserungs-vorschl\u00e4gen aufgefordert seien. Der SPD-Ortsverein Oberhausen-Ost wolle diese Chance nutzen.<\/p>\n<p>Der Ortsvereinsvorsitzende Frank Motschull berichtete \u00fcber die aktive Arbeit des Ortsvereins in 2007. Die Arbeitsgemeinschaften 60 plus und der Jusos leisteten ebenso wie der Vorstand \u00fcberzeugende Arbeit, um neue Mitglieder f\u00fcr die SPD zu interessieren.<\/p>\n<p>Besonders beeindruckend sei die durchschnittliche Teilnehmerzahl bei Veranstaltungen der AG 60 plus mit 73 Personen, wobei nicht-Parteimitglieder immer herzlich willkommen seien. In seinem Ausblick auf 2008 stellte Motschull heraus, dass der SPD-Ortsverein durch Begehungen in den Stadtteilen seine B\u00fcrgern\u00e4he unter Beweis stellen und seinen engagierten Beitrag zur Haus-haltsdiskussion leisten werde.<\/p>\n<p>Zum Abschluss w\u00e4hlte die Jahreshauptversammlung folgende <b>26 Delegierte zu den Parteitagen<\/b> der Oberhausener SPD:<\/p>\n<p>Klaus Wehling<br \/>\nMichael Groschek<br \/>\nFrank Motschull<br \/>\nHorst Wolter<br \/>\nWalburga Grunauer<br \/>\nMagnus Dellwig<br \/>\nHorst Fa\u00dfbender<br \/>\nHans-Georg Po\u00df<br \/>\nDorothee Radtke<br \/>\nErwin Stroh<br \/>\nIngo D\u00e4mgen<br \/>\nD\u00f6rte Delberg Ziepke<br \/>\nRoswitha Groschek<br \/>\nMargit Klein<br \/>\nRene Pascheberg<br \/>\nInge Pohl<br \/>\nHartwig Kompa<br \/>\nNicole Kenzer<br \/>\nKlaus Oberschewen<br \/>\nIngrid Savilius<br \/>\nRoland Fitze<br \/>\nKlaus Knichel<br \/>\nFriedhelm Pascheberg<br \/>\nUly Stroh<br \/>\nAnke Eisermann<br \/>\nCorinna Behrends<\/p>\n<p><b>Erste Ersatzdelegierte<\/b> sind:<\/p>\n<p>Sven Pascheberg<br \/>\nHarald Schwab<br \/>\nChristian Borgs<\/p>\n","protected":false},"excerpt":{"rendered":"<p>Oberhausen hat beachtliche Erfolge vorzuweisen. Oberhausen ist auf gutem Weg, den Strukturwandel zu meistern und durch kommunalpolitische Akzente die Lebensqualit\u00e4t unserer Stadt weiter nachhaltig zu steigern. Das sind die Botschaften&hellip; <\/p>\n","protected":false},"author":1,"featured_media":0,"comment_status":"closed","ping_status":"closed","sticky":false,"template":"","format":"standard","meta":{"footnotes":""},"categories":[1],"tags":[],"quellen":[],"class_list":["post-615","post","type-post","status-publish","format-standard","hentry","category-allgemein"],"_links":{"self":[{"href":"https:\/\/meier-gerdingh.de\/wp-spd-ob\/wp-json\/wp\/v2\/posts\/615","targetHints":{"allow":["GET"]}}],"collection":[{"href":"https:\/\/meier-gerdingh.de\/wp-spd-ob\/wp-json\/wp\/v2\/posts"}],"about":[{"href":"https:\/\/meier-gerdingh.de\/wp-spd-ob\/wp-json\/wp\/v2\/types\/post"}],"author":[{"embeddable":true,"href":"https:\/\/meier-gerdingh.de\/wp-spd-ob\/wp-json\/wp\/v2\/users\/1"}],"replies":[{"embeddable":true,"href":"https:\/\/meier-gerdingh.de\/wp-spd-ob\/wp-json\/wp\/v2\/comments?post=615"}],"version-history":[{"count":0,"href":"https:\/\/meier-gerdingh.de\/wp-spd-ob\/wp-json\/wp\/v2\/posts\/615\/revisions"}],"wp:attachment":[{"href":"https:\/\/meier-gerdingh.de\/wp-spd-ob\/wp-json\/wp\/v2\/media?parent=615"}],"wp:term":[{"taxonomy":"category","embeddable":true,"href":"https:\/\/meier-gerdingh.de\/wp-spd-ob\/wp-json\/wp\/v2\/categories?post=615"},{"taxonomy":"post_tag","embeddable":true,"href":"https:\/\/meier-gerdingh.de\/wp-spd-ob\/wp-json\/wp\/v2\/tags?post=615"},{"taxonomy":"quellen","embeddable":true,"href":"https:\/\/meier-gerdingh.de\/wp-spd-ob\/wp-json\/wp\/v2\/quellen?post=615"}],"curies":[{"name":"wp","href":"https:\/\/api.w.org\/{rel}","templated":true}]}}