{"id":6153,"date":"2019-03-18T18:04:09","date_gmt":"2019-03-18T17:04:09","guid":{"rendered":"https:\/\/meier-gerdingh.de\/wp-spd-ob\/?p=6153"},"modified":"2019-03-18T18:04:09","modified_gmt":"2019-03-18T17:04:09","slug":"spd-haelt-kompromiss-fuer-grafenbusch-ausfahrt-fuer-richtig","status":"publish","type":"post","link":"https:\/\/meier-gerdingh.de\/wp-spd-ob\/2019\/03\/18\/spd-haelt-kompromiss-fuer-grafenbusch-ausfahrt-fuer-richtig\/","title":{"rendered":"SPD h\u00e4lt Kompromiss f\u00fcr Grafenbusch-Ausfahrt f\u00fcr richtig"},"content":{"rendered":"<p>&#8222;An diesem Beispiel zeigt sich einmal mehr: politisches Engagement lohnt sich&#8220;, kommentiert Thorsten Kamps, Vorsitzender des SPD-Ortsvereins Osterfeld, die Einigung zwischen Stadtverwaltung und Landesbetrieb Stra\u00dfen NRW, die Abfahrt Grafenbusch nicht zu schlie\u00dfen.<!--more--><\/p>\n<p>Die Osterfelder Sozialdemokraten hatten unter anderem mit einem offenen Brief an den Landesbetrieb Stra\u00dfen NRW die Proteste von Anwohnern und Gewerbetreibenden gegen die Schlie\u00dfung tatkr\u00e4ftig unterst\u00fctzt. Doch bei aller Zufriedenheit mit dieser Entscheidung werden die Sozialdemokraten auch weiterhin die Verkehrssituation vor Ort im Auge haben. <\/p>\n<p>Schlie\u00dflich wird das Tempo an der Ausfahrtrampe der A 42 und f\u00fcr den Abschnitt der B 223 zwischen Oberhausen-Zentrum und Eisenheim in Fahrrichtung Norden um 20 km\/h auf dann 40 km\/h reduziert.<\/p>\n<p>&#8222;Nat\u00fcrlich geht es in erster Linie darum, die Zahl der Verkehrsunf\u00e4lle so stark wie m\u00f6glich zu reduzieren, ein Verkehrschaos darf dort allerdings nicht entstehen&#8220;, warnt Kamps.<\/p>\n","protected":false},"excerpt":{"rendered":"<p>&#8222;An diesem Beispiel zeigt sich einmal mehr: politisches Engagement lohnt sich&#8220;, kommentiert Thorsten Kamps, Vorsitzender des SPD-Ortsvereins Osterfeld, die Einigung zwischen Stadtverwaltung und Landesbetrieb Stra\u00dfen NRW, die Abfahrt Grafenbusch nicht&hellip; <\/p>\n","protected":false},"author":1,"featured_media":0,"comment_status":"closed","ping_status":"closed","sticky":false,"template":"","format":"standard","meta":{"footnotes":""},"categories":[27],"tags":[1583,1870,1582,1581,1584,1628],"quellen":[339],"class_list":["post-6153","post","type-post","status-publish","format-standard","hentry","category-planen-bauen-wohnen-verkehr","tag-a-42","tag-b-223","tag-grafenbusch","tag-konrad-adenauer-allee","tag-landesbetrieb-strassen-nrw","tag-osterfelder-kessel","quellen-ov-osterfeld"],"_links":{"self":[{"href":"https:\/\/meier-gerdingh.de\/wp-spd-ob\/wp-json\/wp\/v2\/posts\/6153","targetHints":{"allow":["GET"]}}],"collection":[{"href":"https:\/\/meier-gerdingh.de\/wp-spd-ob\/wp-json\/wp\/v2\/posts"}],"about":[{"href":"https:\/\/meier-gerdingh.de\/wp-spd-ob\/wp-json\/wp\/v2\/types\/post"}],"author":[{"embeddable":true,"href":"https:\/\/meier-gerdingh.de\/wp-spd-ob\/wp-json\/wp\/v2\/users\/1"}],"replies":[{"embeddable":true,"href":"https:\/\/meier-gerdingh.de\/wp-spd-ob\/wp-json\/wp\/v2\/comments?post=6153"}],"version-history":[{"count":0,"href":"https:\/\/meier-gerdingh.de\/wp-spd-ob\/wp-json\/wp\/v2\/posts\/6153\/revisions"}],"wp:attachment":[{"href":"https:\/\/meier-gerdingh.de\/wp-spd-ob\/wp-json\/wp\/v2\/media?parent=6153"}],"wp:term":[{"taxonomy":"category","embeddable":true,"href":"https:\/\/meier-gerdingh.de\/wp-spd-ob\/wp-json\/wp\/v2\/categories?post=6153"},{"taxonomy":"post_tag","embeddable":true,"href":"https:\/\/meier-gerdingh.de\/wp-spd-ob\/wp-json\/wp\/v2\/tags?post=6153"},{"taxonomy":"quellen","embeddable":true,"href":"https:\/\/meier-gerdingh.de\/wp-spd-ob\/wp-json\/wp\/v2\/quellen?post=6153"}],"curies":[{"name":"wp","href":"https:\/\/api.w.org\/{rel}","templated":true}]}}