{"id":6154,"date":"2019-03-19T18:18:13","date_gmt":"2019-03-19T17:18:13","guid":{"rendered":"https:\/\/meier-gerdingh.de\/wp-spd-ob\/?p=6154"},"modified":"2019-03-19T18:21:05","modified_gmt":"2019-03-19T17:21:05","slug":"lebenshilfe-oberhausen-besucht-den-landtag","status":"publish","type":"post","link":"https:\/\/meier-gerdingh.de\/wp-spd-ob\/2019\/03\/19\/lebenshilfe-oberhausen-besucht-den-landtag\/","title":{"rendered":"Lebenshilfe Oberhausen besucht den Landtag"},"content":{"rendered":"<div id=\"attachment_6158\" style=\"width: 290px\" class=\"wp-caption alignleft\"><a href=\"https:\/\/meier-gerdingh.de\/wp-spd-ob\/wp-content\/uploads\/2019\/03\/sonja-bongers-lt-besuch-lebenshilfe-02-lg.jpg\"><img aria-describedby=\"caption-attachment-6158\" decoding=\"async\" class=\"size-full wp-image-6158\" src=\"https:\/\/meier-gerdingh.de\/wp-spd-ob\/wp-content\/uploads\/2019\/03\/sonja-bongers-lt-besuch-lebenshilfe-02.jpg\" alt=\"\" width=\"280\" height=\"277\" \/><\/a><p id=\"caption-attachment-6158\" class=\"wp-caption-text\">MdL Sonja Bongers mit der Besuchergruppe der Oberhausener Lebenshilfe<\/p><\/div>\n<p>&#8222;Besonders gefreut habe ich mich \u00fcber den Besuch der Lebenshilfe Oberhausen, die mit einer Gruppe in den Landtag nach D\u00fcsseldorf gekommen sind, um mehr \u00fcber meine Arbeit als Abgeordnete zu erfahren&#8220;, erz\u00e4hlt die Landtagsabgeordnete Sonja Bongers (SPD). Nach einer vom Besucherdienst des Parlaments organisierten F\u00fchrung, blieb gen\u00fcgend Zeit f\u00fcr einen intensiven Austausch, bei dem Sonja Bongers einerseits Eindr\u00fccke aus ihrem Berufsalltag wiedergab und die G\u00e4ste ihrerseits von der Arbeit in den Werkst\u00e4tten der Lebenshilfe berichteten.<!--more--><\/p>\n<p>Aber auch politische Themen standen zur Diskussion. So wurde dar\u00fcber gesprochen, wie der \u00f6ffentliche Personennahverkehr in Oberhausen die Bed\u00fcrfnisse von Menschen mit Behinderung besser ber\u00fccksichtigen k\u00f6nnte.<\/p>\n<p>Aber die G\u00e4ste fragten auch nach mehr behindertengerechtem und bezahlbarem Wohnraum in Oberhausen. Davon gibt es n\u00e4mlich ihrer Meinung nach zu wenig, wozu ihnen die Abgeordnete beipflichtete und versprach, sich weiter daf\u00fcr einzusetzen.<\/p>\n<p><a href=\"https:\/\/meier-gerdingh.de\/wp-spd-ob\/wp-content\/uploads\/2019\/03\/sonja-bongers-lt-besuch-lebenshilfe-01.jpg\"><img decoding=\"async\" src=\"https:\/\/meier-gerdingh.de\/wp-spd-ob\/wp-content\/uploads\/2019\/03\/sonja-bongers-lt-besuch-lebenshilfe-01.jpg\" alt=\"\" width=\"720\" height=\"278\" class=\"aligncenter size-full wp-image-6155\" srcset=\"https:\/\/meier-gerdingh.de\/wp-spd-ob\/wp-content\/uploads\/2019\/03\/sonja-bongers-lt-besuch-lebenshilfe-01.jpg 720w, https:\/\/meier-gerdingh.de\/wp-spd-ob\/wp-content\/uploads\/2019\/03\/sonja-bongers-lt-besuch-lebenshilfe-01-300x116.jpg 300w\" sizes=\"(max-width: 720px) 100vw, 720px\" \/><\/a><\/p>\n<p>Um einige Ansichten reicher res\u00fcmiert Bongers den Besuch: &#8222;Ich bedanke mich, durch dieses Gespr\u00e4ch auch aus der Perspektive der Betroffenen f\u00fcr diese wichtigen Themen st\u00e4rker sensibilisiert zu werden.&#8220;<\/p>\n","protected":false},"excerpt":{"rendered":"<p>&#8222;Besonders gefreut habe ich mich \u00fcber den Besuch der Lebenshilfe Oberhausen, die mit einer Gruppe in den Landtag nach D\u00fcsseldorf gekommen sind, um mehr \u00fcber meine Arbeit als Abgeordnete zu&hellip; <\/p>\n","protected":false},"author":1,"featured_media":0,"comment_status":"closed","ping_status":"closed","sticky":false,"template":"","format":"standard","meta":{"footnotes":""},"categories":[1],"tags":[399,1872,660,1871],"quellen":[1317],"class_list":["post-6154","post","type-post","status-publish","format-standard","hentry","category-allgemein","tag-barrierefreiheit","tag-behindertengerechtes-wohnen","tag-landtagsbesuch","tag-lebenshilfe-oberhausen","quellen-mdl-sonja-bongers"],"_links":{"self":[{"href":"https:\/\/meier-gerdingh.de\/wp-spd-ob\/wp-json\/wp\/v2\/posts\/6154","targetHints":{"allow":["GET"]}}],"collection":[{"href":"https:\/\/meier-gerdingh.de\/wp-spd-ob\/wp-json\/wp\/v2\/posts"}],"about":[{"href":"https:\/\/meier-gerdingh.de\/wp-spd-ob\/wp-json\/wp\/v2\/types\/post"}],"author":[{"embeddable":true,"href":"https:\/\/meier-gerdingh.de\/wp-spd-ob\/wp-json\/wp\/v2\/users\/1"}],"replies":[{"embeddable":true,"href":"https:\/\/meier-gerdingh.de\/wp-spd-ob\/wp-json\/wp\/v2\/comments?post=6154"}],"version-history":[{"count":0,"href":"https:\/\/meier-gerdingh.de\/wp-spd-ob\/wp-json\/wp\/v2\/posts\/6154\/revisions"}],"wp:attachment":[{"href":"https:\/\/meier-gerdingh.de\/wp-spd-ob\/wp-json\/wp\/v2\/media?parent=6154"}],"wp:term":[{"taxonomy":"category","embeddable":true,"href":"https:\/\/meier-gerdingh.de\/wp-spd-ob\/wp-json\/wp\/v2\/categories?post=6154"},{"taxonomy":"post_tag","embeddable":true,"href":"https:\/\/meier-gerdingh.de\/wp-spd-ob\/wp-json\/wp\/v2\/tags?post=6154"},{"taxonomy":"quellen","embeddable":true,"href":"https:\/\/meier-gerdingh.de\/wp-spd-ob\/wp-json\/wp\/v2\/quellen?post=6154"}],"curies":[{"name":"wp","href":"https:\/\/api.w.org\/{rel}","templated":true}]}}