{"id":6167,"date":"2019-03-20T18:26:57","date_gmt":"2019-03-20T17:26:57","guid":{"rendered":"https:\/\/meier-gerdingh.de\/wp-spd-ob\/?p=6167"},"modified":"2019-09-25T17:05:27","modified_gmt":"2019-09-25T15:05:27","slug":"fasia-jansen-gesamtschule-zu-gast-im-landtag","status":"publish","type":"post","link":"https:\/\/meier-gerdingh.de\/wp-spd-ob\/2019\/03\/20\/fasia-jansen-gesamtschule-zu-gast-im-landtag\/","title":{"rendered":"Fasia-Jansen-Gesamtschule zu Gast im Landtag"},"content":{"rendered":"<div id=\"attachment_6163\" style=\"width: 730px\" class=\"wp-caption alignleft\"><a href=\"https:\/\/meier-gerdingh.de\/wp-spd-ob\/wp-content\/uploads\/2019\/03\/mdl-zimkeit-lt-besuch-fasia-jansen-gs-lg.jpg\"><img aria-describedby=\"caption-attachment-6163\" decoding=\"async\" class=\"size-full wp-image-6163\" src=\"https:\/\/meier-gerdingh.de\/wp-spd-ob\/wp-content\/uploads\/2019\/03\/mdl-zimkeit-lt-besuch-fasia-jansen-gs.jpg\" alt=\"\" width=\"720\" height=\"366\" srcset=\"https:\/\/meier-gerdingh.de\/wp-spd-ob\/wp-content\/uploads\/2019\/03\/mdl-zimkeit-lt-besuch-fasia-jansen-gs.jpg 720w, https:\/\/meier-gerdingh.de\/wp-spd-ob\/wp-content\/uploads\/2019\/03\/mdl-zimkeit-lt-besuch-fasia-jansen-gs-300x153.jpg 300w\" sizes=\"(max-width: 720px) 100vw, 720px\" \/><\/a><p id=\"caption-attachment-6163\" class=\"wp-caption-text\">MdL Stefan Zimkeit mit Sch\u00fclerinnen und Sch\u00fclern der Fasia-Jansen-Gesamtschule<\/p><\/div>\n<p>Der Landtagsabgeordnete Stefan Zimkeit hat sich in D\u00fcsseldorf mit der 11. Klasse der Fasia-Jansen-Gesamtschule getroffen. &#8222;Der Artikel 13 der EU-Urheberrechtsreform wird auch bei uns im Landtag beraten&#8220;, sprach Zimkeit ein gerade unter Jugendlichen diskutiertes Thema an. Er setzt sich daf\u00fcr ein, dass das Europaparlament dem Artikel 13 nicht zustimmt.<\/p>\n<p>&#8222;Der Weg, der auf Uploadfilter hinausl\u00e4uft, ist falsch und f\u00fchrt zu einer Art automatisierten Zensur.&#8220; Stattdessen sollte es eine europ\u00e4ische Institution \u00e4hnlich der GEMA geben, \u00fcber die die Internetkonzerne die Kulturschaffenden entlohnen k\u00f6nnen. &#8222;Die Werke von K\u00fcnstlerinnen und K\u00fcnstler, die von ihrem geistigen Eigentum leben, d\u00fcrfen nicht einfach so ins Internet gestellt werden&#8220;, ist Zimkeit \u00fcberzeugt. &#8222;YouTube macht das ja nicht aus sozialem Engagement. Die gro\u00dfen Konzerne wie Google und Facebook verdienen daran Geld, und die K\u00fcnstler bekommen nichts. Das ist problematisch.&#8220;<!--more--><\/p>\n<p>Stefan Zimkeit begr\u00fc\u00dfte es, dass sich viele Sch\u00fclerinnen und Sch\u00fcler mit dem Klimawandel auseinandersetzen und wies auf &#8222;Friday for future&#8220; hin. Er fragte seine G\u00e4ste, was sie in diesem Zusammenhang davon halten, bereits mit 16 Jahren w\u00e4hlen zu d\u00fcrfen. Daraufhin entstand zwischen denen eine kontroverse Debatte. &#8222;Wir sind in einem Alter, in dem wir selbst entscheiden k\u00f6nnen&#8220;, waren die einen \u00fcberzeugt und wiesen darauf hin, dass sie als Azubis sogar Steuern zahlen m\u00fcssten. Andere Mitsch\u00fcler meinten, sie seien politisch noch unreif und die Welt werde immer komplexer.<\/p>\n<p>&#8222;Reife oder Unreife ist nicht unbedingt altersabh\u00e4ngig&#8220;, so Zimkeit. Er m\u00f6chte das Wahlalter gerne auf 16 Jahre senken, damit die Themen der jungen Menschen eine gr\u00f6\u00dfere Rolle spielen. Den Klimawandel w\u00fcrden viele \u00e4ltere Menschen weniger dramatisch empfinden als die j\u00fcngeren, nannte er ein Beispiel. Auch w\u00fcrden Jugendeinrichtungen, Sportvereine und insbesondere Schulen wom\u00f6glich finanziell besser ausgestattet, wenn junge Leute mehr Einfluss h\u00e4tten.<\/p>\n<p>Der SPD-Finanzexperte m\u00f6chte kurzfristig erreichen, dass das Geld aus unbesetzten Lehrerstellen an die Schulen verteilt wird. &#8222;Und zwar bevorzugt an weniger wohlhabende St\u00e4dte und an Schulen aus benachbarten Stadtteilen, die keinen reichen F\u00f6rderverein haben&#8220;, sagte Stefan Zimkeit, und beantwortet damit auch die Frage, warum nicht alle Oberhausener Schulen gleich gut mit Computern ausgestatten seien.<\/p>\n","protected":false},"excerpt":{"rendered":"<p>Der Landtagsabgeordnete Stefan Zimkeit hat sich in D\u00fcsseldorf mit der 11. Klasse der Fasia-Jansen-Gesamtschule getroffen. &#8222;Der Artikel 13 der EU-Urheberrechtsreform wird auch bei uns im Landtag beraten&#8220;, sprach Zimkeit ein&hellip; <\/p>\n","protected":false},"author":1,"featured_media":0,"comment_status":"closed","ping_status":"closed","sticky":false,"template":"","format":"standard","meta":{"footnotes":""},"categories":[179,216],"tags":[1891,1877,1002,771,660,1878],"quellen":[331],"class_list":["post-6167","post","type-post","status-publish","format-standard","hentry","category-kinder-und-jugendliche","category-land","tag-fridays-for-future","tag-eu-urheberrechtsreform","tag-fasia-jansen-gesamtschule","tag-klimawandel","tag-landtagsbesuch","tag-uploadfilter","quellen-mdl-stefan-zimkeit"],"_links":{"self":[{"href":"https:\/\/meier-gerdingh.de\/wp-spd-ob\/wp-json\/wp\/v2\/posts\/6167","targetHints":{"allow":["GET"]}}],"collection":[{"href":"https:\/\/meier-gerdingh.de\/wp-spd-ob\/wp-json\/wp\/v2\/posts"}],"about":[{"href":"https:\/\/meier-gerdingh.de\/wp-spd-ob\/wp-json\/wp\/v2\/types\/post"}],"author":[{"embeddable":true,"href":"https:\/\/meier-gerdingh.de\/wp-spd-ob\/wp-json\/wp\/v2\/users\/1"}],"replies":[{"embeddable":true,"href":"https:\/\/meier-gerdingh.de\/wp-spd-ob\/wp-json\/wp\/v2\/comments?post=6167"}],"version-history":[{"count":0,"href":"https:\/\/meier-gerdingh.de\/wp-spd-ob\/wp-json\/wp\/v2\/posts\/6167\/revisions"}],"wp:attachment":[{"href":"https:\/\/meier-gerdingh.de\/wp-spd-ob\/wp-json\/wp\/v2\/media?parent=6167"}],"wp:term":[{"taxonomy":"category","embeddable":true,"href":"https:\/\/meier-gerdingh.de\/wp-spd-ob\/wp-json\/wp\/v2\/categories?post=6167"},{"taxonomy":"post_tag","embeddable":true,"href":"https:\/\/meier-gerdingh.de\/wp-spd-ob\/wp-json\/wp\/v2\/tags?post=6167"},{"taxonomy":"quellen","embeddable":true,"href":"https:\/\/meier-gerdingh.de\/wp-spd-ob\/wp-json\/wp\/v2\/quellen?post=6167"}],"curies":[{"name":"wp","href":"https:\/\/api.w.org\/{rel}","templated":true}]}}