{"id":6189,"date":"2019-04-03T17:09:54","date_gmt":"2019-04-03T15:09:54","guid":{"rendered":"https:\/\/meier-gerdingh.de\/wp-spd-ob\/?p=6189"},"modified":"2019-04-03T20:33:20","modified_gmt":"2019-04-03T18:33:20","slug":"einladung-zur-wahlwerkstatt-europa","status":"publish","type":"post","link":"https:\/\/meier-gerdingh.de\/wp-spd-ob\/2019\/04\/03\/einladung-zur-wahlwerkstatt-europa\/","title":{"rendered":"Einladung zur &#8222;Wahlwerkstatt Europa&#8220;"},"content":{"rendered":"<p><a href=\"https:\/\/meier-gerdingh.de\/wp-spd-ob\/wp-content\/uploads\/2019\/04\/wahlwerkstatt-europa-2019.jpg\"><img decoding=\"async\" src=\"https:\/\/meier-gerdingh.de\/wp-spd-ob\/wp-content\/uploads\/2019\/04\/wahlwerkstatt-europa-2019.jpg\" alt=\"\" width=\"720\" height=\"295\" class=\"aligncenter size-full wp-image-6188\" srcset=\"https:\/\/meier-gerdingh.de\/wp-spd-ob\/wp-content\/uploads\/2019\/04\/wahlwerkstatt-europa-2019.jpg 720w, https:\/\/meier-gerdingh.de\/wp-spd-ob\/wp-content\/uploads\/2019\/04\/wahlwerkstatt-europa-2019-300x123.jpg 300w\" sizes=\"(max-width: 720px) 100vw, 720px\" \/><\/a><\/p>\n<p>Am 26. Mai wird zum neunten Mal das Europ\u00e4ische Parlament direkt gew\u00e4hlt. Doch zum ersten Mal m\u00fcssen wir von einer Schicksalswahl sprechen, denn in fast allen L\u00e4ndern der Europ\u00e4ischen Union sind rechtspopulistische und rechtsextreme Parteien auf dem Vormarsch oder bereits in die Regierungen einzelner Staaten vorgedrungen.<\/p>\n<p>Wir alle sind aufgerufen, daf\u00fcr zu sorgen, dass die entschiedenen Gegener Europas keine Machtbasis im Europaparlament erhalten. Die Oberhausener SPD wird ihren Beitrag dazu leisten und im jetzt beginnenden Europawahlkampf keine Anstrengung scheuen, um den Populisten auch in Oberhausen Paroli zu bieten. Den Fake-News und der Hetze, den Scheinl\u00f6sungen und den allzu simplen Parolen der Europa-Gegner wollen wir Tatsachen, Sachargumente und unsere Leidenschaft f\u00fcr die europ\u00e4ische Idee entgegensetzen.<\/p>\n<p>Hiermit laden wir unsere Mitglieder zu einer <strong>Wahlwerkstatt Europa<\/strong> f\u00fcr die SPD-Unterbezirke Oberhausen und M\u00fclheim an der Ruhr ein, um uns fit zu machen f\u00fcr den Europawahlkampf und um erste Aktionen zu planen. Sie findet statt:<\/p>\n<p><strong>SA\u00a0\u00a0|\u00a0\u00a013. April 2019\u00a0\u00a0|\u00a0\u00a010.00 &#8211; 17.00 Uhr<br \/>\nSPD-Parteib\u00fcro\u00a0\u00a0|\u00a0\u00a0Schwartzstr. 52\u00a0\u00a0|\u00a0\u00a046045 Oberhausen<\/strong><!--more--><\/p>\n<p>Folgender <strong>Ablauf<\/strong> ist geplant:<\/p>\n<div class=\"spd-ob-generic-rows\">\n<div class=\"spd-ob-generic-col-1\">10.00 Uhr<\/div>\n<div class=\"spd-ob-generic-cols-2-3\">Begr\u00fc\u00dfung<\/div>\n<\/div>\n<div class=\"spd-ob-generic-rows\">\n<div class=\"spd-ob-generic-col-1\">10.15 Uhr<\/div>\n<div class=\"spd-ob-generic-cols-2-3\">Europa kompakt: Wie funktioniert Europa?<\/div>\n<\/div>\n<div class=\"spd-ob-generic-rows\">\n<div class=\"spd-ob-generic-col-1\">12.00 Uhr<\/div>\n<div class=\"spd-ob-generic-cols-2-3\">Mittagspause<\/div>\n<\/div>\n<div class=\"spd-ob-generic-rows\">\n<div class=\"spd-ob-generic-col-1\">12.45 Uhr<\/div>\n<div class=\"spd-ob-generic-cols-2-3\">Europawahlkampf 2019: Themen, Personen, Wahlkampfstrategien<\/p>\n<ul>\n<li>Unsere Botschaften f\u00fcr ein soziales Europa<\/li>\n<li>World Caf\u00e9: Kreative Wahlkampfaktionen f\u00fcr den Wahlkampf vor Ort<\/li>\n<li>Vereinbarung: So machen wir Wahlkampf vor Ort!<\/li>\n<\/ul>\n<\/div>\n<\/div>\n<div class=\"spd-ob-generic-rows\">\n<div class=\"spd-ob-generic-col-1\">15.30 Uhr<\/div>\n<div class=\"spd-ob-generic-cols-2-3\">Umgang mit populistischen \u00c4u\u00dferungen und rechten Parolen<\/div>\n<\/div>\n<div class=\"spd-ob-generic-rows\">\n<div class=\"spd-ob-generic-col-1\">17.00 Uhr<\/div>\n<div class=\"spd-ob-generic-cols-2-3\">Feedback und Verabschiedung<\/div>\n<\/div>\n<p style=\"margin-top: 28px !important;\">Eine kurze R\u00fcckmeldung unter <strong>(0208) 2 33 34<\/strong> oder unter <a href=\"mailto:info@spd-oberhausen.de\">info@spd-oberhausen.de<\/a> erleichtert die Planung.<\/p>\n","protected":false},"excerpt":{"rendered":"<p>Am 26. Mai wird zum neunten Mal das Europ\u00e4ische Parlament direkt gew\u00e4hlt. Doch zum ersten Mal m\u00fcssen wir von einer Schicksalswahl sprechen, denn in fast allen L\u00e4ndern der Europ\u00e4ischen Union&hellip; <\/p>\n","protected":false},"author":1,"featured_media":0,"comment_status":"closed","ping_status":"closed","sticky":false,"template":"","format":"standard","meta":{"footnotes":""},"categories":[181,171],"tags":[89,1889,1890,1888,1112],"quellen":[327],"class_list":["post-6189","post","type-post","status-publish","format-standard","hentry","category-europa","category-veranstaltungen","tag-europawahl","tag-europawahl-2019","tag-europawahlkampf","tag-europawahlkampf-2019","tag-wahlkampf","quellen-spd-unterbezirk-oberhausen"],"_links":{"self":[{"href":"https:\/\/meier-gerdingh.de\/wp-spd-ob\/wp-json\/wp\/v2\/posts\/6189","targetHints":{"allow":["GET"]}}],"collection":[{"href":"https:\/\/meier-gerdingh.de\/wp-spd-ob\/wp-json\/wp\/v2\/posts"}],"about":[{"href":"https:\/\/meier-gerdingh.de\/wp-spd-ob\/wp-json\/wp\/v2\/types\/post"}],"author":[{"embeddable":true,"href":"https:\/\/meier-gerdingh.de\/wp-spd-ob\/wp-json\/wp\/v2\/users\/1"}],"replies":[{"embeddable":true,"href":"https:\/\/meier-gerdingh.de\/wp-spd-ob\/wp-json\/wp\/v2\/comments?post=6189"}],"version-history":[{"count":0,"href":"https:\/\/meier-gerdingh.de\/wp-spd-ob\/wp-json\/wp\/v2\/posts\/6189\/revisions"}],"wp:attachment":[{"href":"https:\/\/meier-gerdingh.de\/wp-spd-ob\/wp-json\/wp\/v2\/media?parent=6189"}],"wp:term":[{"taxonomy":"category","embeddable":true,"href":"https:\/\/meier-gerdingh.de\/wp-spd-ob\/wp-json\/wp\/v2\/categories?post=6189"},{"taxonomy":"post_tag","embeddable":true,"href":"https:\/\/meier-gerdingh.de\/wp-spd-ob\/wp-json\/wp\/v2\/tags?post=6189"},{"taxonomy":"quellen","embeddable":true,"href":"https:\/\/meier-gerdingh.de\/wp-spd-ob\/wp-json\/wp\/v2\/quellen?post=6189"}],"curies":[{"name":"wp","href":"https:\/\/api.w.org\/{rel}","templated":true}]}}