{"id":621,"date":"2008-02-25T17:00:00","date_gmt":"2008-02-25T15:00:00","guid":{"rendered":"http:\/\/www.meier-gerdingh.de\/spd-oberhausen\/wp\/?p=621"},"modified":"2017-05-14T15:04:56","modified_gmt":"2017-05-14T13:04:56","slug":"osterfelder-spd-blickte-auf-ein-aktives-jahr-2007-zurueck","status":"publish","type":"post","link":"https:\/\/meier-gerdingh.de\/wp-spd-ob\/2008\/02\/25\/osterfelder-spd-blickte-auf-ein-aktives-jahr-2007-zurueck\/","title":{"rendered":"Osterfelder SPD blickte auf ein aktives Jahr 2007 zur\u00fcck"},"content":{"rendered":"<div style=\"width: 150px\" class=\"wp-caption alignleft\"><a href=\"http:\/\/meier-gerdingh.de\/wp-spd-ob\/wp-content\/uploads\/pflugbeil_karl_heinz.jpg\"><img decoding=\"async\" class=\"size-full\" src=\"http:\/\/meier-gerdingh.de\/wp-spd-ob\/wp-content\/uploads\/pflugbeil_karl_heinz.jpg\" alt=\"Konnte auf ein arbeitsreiches und erfolgreiches Jahr 2007 zur\u00fcckblicken: Karl-Heinz Pflugbeil, Vorsitzender des SPD-Ortsvereins Osterfeld\" width=\"140\" height=\"191\" \/><\/a><p class=\"wp-caption-text\">Konnte auf ein arbeitsreiches und erfolgreiches Jahr 2007 zur\u00fcckblicken: Karl-Heinz Pflugbeil, Vorsitzender des SPD-Ortsvereins Osterfeld<\/p><\/div>\n<p>Am 19.02.2008 wurde die Jahreshauptversammlung der Osterfelder Genossinnen und Genossen mit einem umfangreichen Bericht ihres Vorsitzenden Karl-Heinz Pflugbeil \u00fcber das Jahr 2007 begonnen. Vor diesem Bericht wurde dem ausscheidenden Gesch\u00e4ftsf\u00fchrer des Ortsvereins Osterfeld, Ernst- Ulrich Bosch f\u00fcr seine langj\u00e4hrigen Dienste gedankt. Das Amt des Schriftf\u00fchrers wurde von Olaf Hinkemeyer \u00fcbernommen, welcher das Amt vom langj\u00e4hrigen Schriftf\u00fchrer Christian Heckhoff \u00fcbernimmt.<!--more--><\/p>\n<p>Danach wurde von den verschiedenen Aktivit\u00e4ten berichtet, die von der Besichtigung der GMVA, der Beteiligung am Stadtteilentwicklungskonzept, dem Besuch der Tackenberger Moschee, dem Besuch des Bundestagsabgeordneten Wolfgang Grotthaus bis zur erfolgreichen Jubilarehrung und vielen weiteren Aktionen des Ortsvereins reichten. Alle diese Veranstaltungen wurden von den Genossinnen und Genossen der Osterfelder SPD genutzt, sich \u00fcber die Arbeit in den Wahlkreisen und Oberhausener Betrieben zu informieren. Die Aktivit\u00e4ten wurden durch einen Arbeitskreis zu Beginn des Jahres 2007 geplant und koordiniert, wie es auch zu Beginn des Jahres 2008 geschehen ist.<\/p>\n<p>Die Highlights des Jahres 2007 waren aber eindeutig die drei Termine zum &#8222;Osterfelder Ohr&#8220;: Im April und September am Osterfelder Marktplatz und die erste &#8222;Info-Meile&#8220; Ende Mai 2007 auf der Gildenstra\u00dfe. Die Planung und Ausgestaltung wurde in Arbeitskreisen durchgef\u00fchrt, die von der zweiten Vorsitzenden Anette Wei\u00df geleitet wurden. Mittlerweile traditionell wollen die Osterfelder Genossinnen und Genossen zwei Mal im Jahr die Stimmung, Hinweise und Anregungen in und um den Stadtteil Osterfeld von den B\u00fcrgern aufnehmen.<\/p>\n<p>Dieses Angebot wurde von den B\u00fcrgern auch in 2007 wieder verst\u00e4rkt in Anspruch genommen. Bei der Durchf\u00fchrung der ersten &#8222;Info-Meile&#8220; wurden Osterfelder Vereine und Verb\u00e4nde zusammengebracht um ihre Angebote an Freizeitaktivit\u00e4ten zu pr\u00e4sentieren, welche zwischen Kindertagesst\u00e4tte und Radwanderern bunt gestreut waren. Auf Grund der guten Resonanz wird es im Mai 2008 die zweite &#8222;Info-Meile&#8220; im Osterfelder Stadtkern geben.<\/p>\n<p>Des Weiteren berichteten die Stadtverordneten \u00fcber ihre Wahlkreise und ihre Ausschusst\u00e4tigkeiten. Der Fraktions- und Parteivorsitzende Wolfgang Gro\u00dfe Br\u00f6mer berichtete \u00fcber das kommende Haushaltssicherungskonzept. Hier sollen die B\u00fcrgerinnen und B\u00fcrger zus\u00e4tzlich zu den Veranstaltungen der Verwaltung von der Oberhausen SPD mit ins Boot genommen werden, um Sparvorschl\u00e4ge zu erarbeiten und somit aktiv an der Haushaltssanierung teilzunehmen. Die Osterfelder Sozialdemokraten bereiten sich in K\u00fcrze auf dieses Thema vor.<br \/>\nVom Stadtverordneten Stefan Zimkeit wurde \u00fcber die Einrichtung von zwei Ganztagshauptschulen im Bereich Oberhausen und speziell in Osterfeld berichtet.<\/p>\n<p>F\u00fcr die Wahl in den <b>Unterbezirksvorstand<\/b> der Oberhausener SPD wurden vorgeschlagen:<\/p>\n<p>Doris Dengel<br \/>\nKarl-Heinz Pflugbeil<br \/>\nHermann Sandforth<\/p>\n<p>Als <b>Vorsitzender des SPD-Unterbezirks Oberhausen<\/b> wurde erneut Wolfgang Gro\u00dfe Br\u00f6mer nominiert.<\/p>\n<p>Als <b>Delegierte f\u00fcr die Unterbezirksparteitage 2008<\/b> wurden gew\u00e4hlt:<\/p>\n<p>Karl-Heinz Pflugbeil<br \/>\nKarl-Heinz Bartsch<br \/>\nWolfgang Gro\u00dfe Br\u00f6mer<br \/>\nGudrun Lange<br \/>\nHermann Sandforth<br \/>\nHelga Weing\u00e4rtner<br \/>\nStefan Zimkeit<br \/>\nHelga Grothe<br \/>\nKarl-Heinz Steffan<br \/>\nDoris Dengel<br \/>\nMarlies Wagner<br \/>\nUli Gartmann<br \/>\nAnette Wei\u00df<br \/>\nLiesel Mels<br \/>\nMax Hahn<br \/>\nArndt Barkowsky<br \/>\nAngelika Hesse<br \/>\nGuntram Gro\u00dfenbrink<br \/>\nOlaf Hinkemeyer<br \/>\nKarl-Heinz Hoffmann<br \/>\nInge Tischler<br \/>\nThomas Schicktanz<br \/>\nPetrus Payerl<br \/>\nSieglinde Drenda<br \/>\nRita Maes<br \/>\nSabahattin T\u00fcz\u00fcn<br \/>\nHarald Janzen<br \/>\nUlrike Korbar<\/p>\n","protected":false},"excerpt":{"rendered":"<p>Am 19.02.2008 wurde die Jahreshauptversammlung der Osterfelder Genossinnen und Genossen mit einem umfangreichen Bericht ihres Vorsitzenden Karl-Heinz Pflugbeil \u00fcber das Jahr 2007 begonnen. Vor diesem Bericht wurde dem ausscheidenden Gesch\u00e4ftsf\u00fchrer&hellip; <\/p>\n","protected":false},"author":1,"featured_media":0,"comment_status":"closed","ping_status":"closed","sticky":false,"template":"","format":"standard","meta":{"footnotes":""},"categories":[1],"tags":[],"quellen":[],"class_list":["post-621","post","type-post","status-publish","format-standard","hentry","category-allgemein"],"_links":{"self":[{"href":"https:\/\/meier-gerdingh.de\/wp-spd-ob\/wp-json\/wp\/v2\/posts\/621","targetHints":{"allow":["GET"]}}],"collection":[{"href":"https:\/\/meier-gerdingh.de\/wp-spd-ob\/wp-json\/wp\/v2\/posts"}],"about":[{"href":"https:\/\/meier-gerdingh.de\/wp-spd-ob\/wp-json\/wp\/v2\/types\/post"}],"author":[{"embeddable":true,"href":"https:\/\/meier-gerdingh.de\/wp-spd-ob\/wp-json\/wp\/v2\/users\/1"}],"replies":[{"embeddable":true,"href":"https:\/\/meier-gerdingh.de\/wp-spd-ob\/wp-json\/wp\/v2\/comments?post=621"}],"version-history":[{"count":0,"href":"https:\/\/meier-gerdingh.de\/wp-spd-ob\/wp-json\/wp\/v2\/posts\/621\/revisions"}],"wp:attachment":[{"href":"https:\/\/meier-gerdingh.de\/wp-spd-ob\/wp-json\/wp\/v2\/media?parent=621"}],"wp:term":[{"taxonomy":"category","embeddable":true,"href":"https:\/\/meier-gerdingh.de\/wp-spd-ob\/wp-json\/wp\/v2\/categories?post=621"},{"taxonomy":"post_tag","embeddable":true,"href":"https:\/\/meier-gerdingh.de\/wp-spd-ob\/wp-json\/wp\/v2\/tags?post=621"},{"taxonomy":"quellen","embeddable":true,"href":"https:\/\/meier-gerdingh.de\/wp-spd-ob\/wp-json\/wp\/v2\/quellen?post=621"}],"curies":[{"name":"wp","href":"https:\/\/api.w.org\/{rel}","templated":true}]}}