{"id":6223,"date":"2019-04-17T14:42:13","date_gmt":"2019-04-17T12:42:13","guid":{"rendered":"https:\/\/meier-gerdingh.de\/wp-spd-ob\/?p=6223"},"modified":"2019-06-26T15:01:48","modified_gmt":"2019-06-26T13:01:48","slug":"kein-gift-recycling-am-waldteich","status":"publish","type":"post","link":"https:\/\/meier-gerdingh.de\/wp-spd-ob\/2019\/04\/17\/kein-gift-recycling-am-waldteich\/","title":{"rendered":"Kein Gift-Recycling am Waldteich!"},"content":{"rendered":"<div id=\"attachment_2033\" style=\"width: 150px\" class=\"wp-caption alignleft\"><a href=\"https:\/\/meier-gerdingh.de\/wp-spd-ob\/wp-content\/uploads\/real_ulrich_14.jpg\"><img aria-describedby=\"caption-attachment-2033\" decoding=\"async\" class=\"size-full wp-image-2033\" src=\"https:\/\/meier-gerdingh.de\/wp-spd-ob\/wp-content\/uploads\/real_ulrich_14.jpg\" alt=\"\" width=\"140\" height=\"170\" srcset=\"https:\/\/meier-gerdingh.de\/wp-spd-ob\/wp-content\/uploads\/real_ulrich_14.jpg 140w, https:\/\/meier-gerdingh.de\/wp-spd-ob\/wp-content\/uploads\/real_ulrich_14-123x150.jpg 123w\" sizes=\"(max-width: 140px) 100vw, 140px\" \/><\/a><p id=\"caption-attachment-2033\" class=\"wp-caption-text\">Ulrich Real ist planungspolitischer Sprecher der SPD-Fraktion und Bezirksb\u00fcrgermeister von Sterkrade<\/p><\/div>\n<p>Eine m\u00f6gliche Gewerbeansiedlung im Norden der Stadt sorgt bei Anwohnern bereits f\u00fcr Verunsicherung, ohne dass Details bislang an die \u00d6ffentlichkeit gelangt sind. Dem Vernehmen nach plant der Eigent\u00fcmer eines Grundst\u00fccks im Gewerbepark Waldteich, eine Recyclinganlage f\u00fcr Giftstoffe zu erreichen und zu betreiben. So sollen dort Giftstoffe von ihren Beh\u00e4ltnissen getrennt und au\u00dferhalb Oberhausens entsorgt werden.<\/p>\n<p>Der planungspolitische Sprecher der SPD-Ratsfraktion, Ulrich Real, lehnt die Pl\u00e4ne strikt ab. &#8222;In unmittelbarer N\u00e4he befindet sich ein gro\u00dfer Logistikstandort, von wo aus Lebensmittel in weite Teile des Ruhrgebietes verteilt werden. Dort darf nicht mit Giftstoffen gearbeitet werden&#8220;, erkl\u00e4rt der Sterkrader Bezirksb\u00fcrgermeister.<!--more--><\/p>\n<p>Real weist au\u00dferdem darauf hin, dass auch die verkehrliche Belastung f\u00fcr die Anwohner eine Grenze erreicht hat. Direkt im Gewerbepark Waldteich er\u00f6ffnet in K\u00fcrze der Segro-Logistik-Park, in unmittelbarer N\u00e4he wird in K\u00fcrze mit dem Bau des Logistikzentrums Edeka begonnen. Mehr sei den Anwohnern nicht zuzumuten.<\/p>\n<p>Unabh\u00e4ngig von der planungsrechtlichen Bewertung sieht Real hier Oberb\u00fcrgermeister Daniel Schranz in der Verantwortung. &#8222;Auch wenn die Ansiedlung einer Recyclinganlage f\u00fcr Giftstoffe an dieser Stelle planungsrechtlich m\u00f6glich sein sollte, ist sie f\u00fcr die Menschen untragbar und muss unter allen Umst\u00e4nden verhindert werden.&#8220;<\/p>\n","protected":false},"excerpt":{"rendered":"<p>Eine m\u00f6gliche Gewerbeansiedlung im Norden der Stadt sorgt bei Anwohnern bereits f\u00fcr Verunsicherung, ohne dass Details bislang an die \u00d6ffentlichkeit gelangt sind. Dem Vernehmen nach plant der Eigent\u00fcmer eines Grundst\u00fccks&hellip; <\/p>\n","protected":false},"author":1,"featured_media":0,"comment_status":"closed","ping_status":"closed","sticky":false,"template":"","format":"standard","meta":{"footnotes":""},"categories":[29,311],"tags":[1905,1904,1907,1906,840],"quellen":[326],"class_list":["post-6223","post","type-post","status-publish","format-standard","hentry","category-umwelt","category-wirtschaft","tag-gewerbepark-waldteich","tag-gift-recycling","tag-logistikzentrum-edeka","tag-segro-logistik-park","tag-waldteich-gelaende","quellen-spd-fraktion-oberhausen"],"_links":{"self":[{"href":"https:\/\/meier-gerdingh.de\/wp-spd-ob\/wp-json\/wp\/v2\/posts\/6223","targetHints":{"allow":["GET"]}}],"collection":[{"href":"https:\/\/meier-gerdingh.de\/wp-spd-ob\/wp-json\/wp\/v2\/posts"}],"about":[{"href":"https:\/\/meier-gerdingh.de\/wp-spd-ob\/wp-json\/wp\/v2\/types\/post"}],"author":[{"embeddable":true,"href":"https:\/\/meier-gerdingh.de\/wp-spd-ob\/wp-json\/wp\/v2\/users\/1"}],"replies":[{"embeddable":true,"href":"https:\/\/meier-gerdingh.de\/wp-spd-ob\/wp-json\/wp\/v2\/comments?post=6223"}],"version-history":[{"count":0,"href":"https:\/\/meier-gerdingh.de\/wp-spd-ob\/wp-json\/wp\/v2\/posts\/6223\/revisions"}],"wp:attachment":[{"href":"https:\/\/meier-gerdingh.de\/wp-spd-ob\/wp-json\/wp\/v2\/media?parent=6223"}],"wp:term":[{"taxonomy":"category","embeddable":true,"href":"https:\/\/meier-gerdingh.de\/wp-spd-ob\/wp-json\/wp\/v2\/categories?post=6223"},{"taxonomy":"post_tag","embeddable":true,"href":"https:\/\/meier-gerdingh.de\/wp-spd-ob\/wp-json\/wp\/v2\/tags?post=6223"},{"taxonomy":"quellen","embeddable":true,"href":"https:\/\/meier-gerdingh.de\/wp-spd-ob\/wp-json\/wp\/v2\/quellen?post=6223"}],"curies":[{"name":"wp","href":"https:\/\/api.w.org\/{rel}","templated":true}]}}