{"id":6224,"date":"2019-04-17T14:44:20","date_gmt":"2019-04-17T12:44:20","guid":{"rendered":"https:\/\/meier-gerdingh.de\/wp-spd-ob\/?p=6224"},"modified":"2019-04-17T14:44:52","modified_gmt":"2019-04-17T12:44:52","slug":"holtener-diskutieren-mit-der-spd-ueber-ihren-stadtteil","status":"publish","type":"post","link":"https:\/\/meier-gerdingh.de\/wp-spd-ob\/2019\/04\/17\/holtener-diskutieren-mit-der-spd-ueber-ihren-stadtteil\/","title":{"rendered":"Holtener diskutieren mit der SPD \u00fcber ihren Stadtteil"},"content":{"rendered":"<div id=\"attachment_6221\" style=\"width: 730px\" class=\"wp-caption aligncenter\"><a href=\"https:\/\/meier-gerdingh.de\/wp-spd-ob\/wp-content\/uploads\/2019\/04\/buergerversammlung-holten-19-04-lg.jpg\"><img aria-describedby=\"caption-attachment-6221\" decoding=\"async\" class=\"size-full wp-image-6221\" src=\"https:\/\/meier-gerdingh.de\/wp-spd-ob\/wp-content\/uploads\/2019\/04\/buergerversammlung-holten-19-04.jpg\" alt=\"\" width=\"720\" height=\"388\" srcset=\"https:\/\/meier-gerdingh.de\/wp-spd-ob\/wp-content\/uploads\/2019\/04\/buergerversammlung-holten-19-04.jpg 720w, https:\/\/meier-gerdingh.de\/wp-spd-ob\/wp-content\/uploads\/2019\/04\/buergerversammlung-holten-19-04-300x162.jpg 300w\" sizes=\"(max-width: 720px) 100vw, 720px\" \/><\/a><p id=\"caption-attachment-6221\" class=\"wp-caption-text\">Volle H\u00fctte bei der SPD-B\u00fcrgerversammlung im Kastell Holten<\/p><\/div>\n<p>Als viel zu klein hat sich das Kastell Holten j\u00fcngst bei der B\u00fcrgerversammlung des SPD-Ortsvereins Alsfeld-Holten erwiesen. Mehr als 160 B\u00fcrgerinnen und B\u00fcrger waren der Einladung des Stadtverordneten Helmut Brodrick gefolgt. Auf der Tagesordnung fanden sich die spannenden Themen &#8222;Masterplan Holten&#8220;, &#8222;Ansiedlung eines Vollsortimenters&#8220; sowie &#8222;Ma\u00dfnahmen des Denkmalschutzes zur Sicherung des historischen Ortskerns&#8220;.<!--more--><\/p>\n<p>Teilweise sehr leidenschaftlich wurden die verschiedenen Ma\u00dfnahmen diskutiert, die von der Verwaltung vorgestellt wurden.<\/p>\n<p>Ein Schwerpunkt lag bei der Frage, wo ein m\u00f6glicher Vollsortimenter angesiedelt werden kann. \u00dcberraschend und f\u00fcr einen Teil der Anwesenden irritierend war dabei die Idee der Planungsdezernentin Sabine Lauxen, das Portal der katholischen Kirche in den Eingangsbereich des Supermarktes einzubeziehen.<\/p>\n<p>Ein weiterer Diskussionspunkt waren die konkreten Auswirkungen, die die Ma\u00dfnahmen des Denkmalschutzes f\u00fcr die Eigent\u00fcmer im Ortskern haben k\u00f6nnen. Bezirksb\u00fcrgermeister Ulrich Real machte deutlich, dass es noch kein fertiges Konzept gibt, sondern hier der B\u00fcrgerschaft erstmalig verschiedene Varianten zur Diskussion vorgestellt w\u00fcrden.<\/p>\n<p>Ein konkreter Vorschlag aus der B\u00fcrgerschaft, zum Thema Denkmalschutz eine &#8222;Ortsbegehung Denkmalschutz&#8220; durchzuf\u00fchren, wurde vom zust\u00e4ndigen Fachbereichsleiter Gerhard Effgen begr\u00fc\u00dft.<\/p>\n<p>Gleiches gilt f\u00fcr den zweiten Vorschlag, den Marktplatz zu \u00fcberplanen und damit die Rahmenbedingungen f\u00fcr die Gesch\u00e4ftsleute zu verbessern. Dezernentin Lauxen sagte die \u00dcberplanung durch die Verwaltung zu.<\/p>\n<p>Als Ergebnis wurde am Ende festgehalten, dass im Herbst zu einer weiteren B\u00fcrgerversammlung eingeladen werden soll, in der auch erste Entscheidungen f\u00fcr bestimmte Varianten getroffen werde sollen.<\/p>\n<p>Bildunterschrift: Mehr als 160 B\u00fcrgerinnen und B\u00fcrger waren der Einladung des SPD-Ortsvereins Alsfeld-Holten ins Kastell gefolgt.<\/p>\n","protected":false},"excerpt":{"rendered":"<p>Als viel zu klein hat sich das Kastell Holten j\u00fcngst bei der B\u00fcrgerversammlung des SPD-Ortsvereins Alsfeld-Holten erwiesen. Mehr als 160 B\u00fcrgerinnen und B\u00fcrger waren der Einladung des Stadtverordneten Helmut Brodrick&hellip; <\/p>\n","protected":false},"author":1,"featured_media":0,"comment_status":"closed","ping_status":"closed","sticky":false,"template":"","format":"standard","meta":{"footnotes":""},"categories":[27,167],"tags":[422,1909,386,1473,1910,1911,1908],"quellen":[336],"class_list":["post-6224","post","type-post","status-publish","format-standard","hentry","category-planen-bauen-wohnen-verkehr","category-stadtteile","tag-buergerversammlung","tag-denkmalschutz-ortskern-holten","tag-holten","tag-kastell-holten","tag-marktplatz-holten","tag-masterplan-holten","tag-vollsortimenter-holten","quellen-ov-alsfeld-holten"],"_links":{"self":[{"href":"https:\/\/meier-gerdingh.de\/wp-spd-ob\/wp-json\/wp\/v2\/posts\/6224","targetHints":{"allow":["GET"]}}],"collection":[{"href":"https:\/\/meier-gerdingh.de\/wp-spd-ob\/wp-json\/wp\/v2\/posts"}],"about":[{"href":"https:\/\/meier-gerdingh.de\/wp-spd-ob\/wp-json\/wp\/v2\/types\/post"}],"author":[{"embeddable":true,"href":"https:\/\/meier-gerdingh.de\/wp-spd-ob\/wp-json\/wp\/v2\/users\/1"}],"replies":[{"embeddable":true,"href":"https:\/\/meier-gerdingh.de\/wp-spd-ob\/wp-json\/wp\/v2\/comments?post=6224"}],"version-history":[{"count":0,"href":"https:\/\/meier-gerdingh.de\/wp-spd-ob\/wp-json\/wp\/v2\/posts\/6224\/revisions"}],"wp:attachment":[{"href":"https:\/\/meier-gerdingh.de\/wp-spd-ob\/wp-json\/wp\/v2\/media?parent=6224"}],"wp:term":[{"taxonomy":"category","embeddable":true,"href":"https:\/\/meier-gerdingh.de\/wp-spd-ob\/wp-json\/wp\/v2\/categories?post=6224"},{"taxonomy":"post_tag","embeddable":true,"href":"https:\/\/meier-gerdingh.de\/wp-spd-ob\/wp-json\/wp\/v2\/tags?post=6224"},{"taxonomy":"quellen","embeddable":true,"href":"https:\/\/meier-gerdingh.de\/wp-spd-ob\/wp-json\/wp\/v2\/quellen?post=6224"}],"curies":[{"name":"wp","href":"https:\/\/api.w.org\/{rel}","templated":true}]}}