{"id":623,"date":"2008-03-18T17:00:00","date_gmt":"2008-03-18T15:00:00","guid":{"rendered":"http:\/\/www.meier-gerdingh.de\/spd-oberhausen\/wp\/?p=623"},"modified":"2017-05-14T15:04:22","modified_gmt":"2017-05-14T13:04:22","slug":"was-bringt-die-reform-der-pflegeversicherung","status":"publish","type":"post","link":"https:\/\/meier-gerdingh.de\/wp-spd-ob\/2008\/03\/18\/was-bringt-die-reform-der-pflegeversicherung\/","title":{"rendered":"Was bringt die Reform der Pflegeversicherung?"},"content":{"rendered":"<div style=\"width: 170px\" class=\"wp-caption alignleft\"><a href=\"http:\/\/meier-gerdingh.de\/wp-spd-ob\/wp-content\/uploads\/reimann_carola.jpg\"><img decoding=\"async\" class=\"size-full\" src=\"http:\/\/meier-gerdingh.de\/wp-spd-ob\/wp-content\/uploads\/reimann_carola.jpg\" alt=\"Dr. Carola Reimann, die gesundheitspolitische Sprecherin der SPD-Bundestagsfraktion\" width=\"160\" height=\"192\" \/><\/a><p class=\"wp-caption-text\">Dr. Carola Reimann, die gesundheitspolitische Sprecherin der SPD-Bundestagsfraktion<\/p><\/div>\n<p>Die Reform der Pflegeversicherung wird f\u00fcr Pflegebed\u00fcrftige und deren Angeh\u00f6rige Leistungsverbesserungen und die Verbesserungen der Strukturen bringen. Dar\u00fcber hinaus liegt ein besonderer Schwerpunkt der Reform auf dem Ausbau ambulanter Strukturen. Der SPD-Bundestagsfraktion ist es gelungen, sich in der Frage der Pflegest\u00fctzpunkte durchzusetzen. Diese k\u00f6nnen k\u00fcnftig auf Antrag der Bundesl\u00e4nder eingerichtet werden. Ziel ist es, besser den Bed\u00fcrfnissen und W\u00fcnschen der Pflegebed\u00fcrftigen sowie ihrer Angeh\u00f6rigen entsprechen zu k\u00f6nnen und dem Grundsatz &#8222;ambulant vor station\u00e4r&#8220; st\u00e4rker als bisher Rechnung zu tragen. Der Oberhausener Bundestagsabgeordnete Wolfgang Grotthaus l\u00e4dt alle interessierten B\u00fcrger zu einer Informations- und Diskussionsveranstaltung zum Thema Pflegeversicherung ein.<!--more--><\/p>\n<p><b>Diskussionsveranstaltung:<\/b><br \/>\n&#8222;Reform der Pflegeversicherung<\/p>\n<p><b>Referentin:<\/b><br \/>\nDr. Carola Reimann MdB<br \/>\nGesundheitspolitische Sprecherin der SPD-Fraktion<\/p>\n<p><b>Datum:<\/b><br \/>\nDonnerstag, 27. M\u00e4rz 2008, 19.00 Uhr<\/p>\n<p><b>Ort:<\/b><br \/>\nGastst\u00e4tte &#8222;Haus Union&#8220;<br \/>\nSchenkendorfstr.\u00a013<br \/>\n46047 Oberhausen<\/p>\n","protected":false},"excerpt":{"rendered":"<p>Die Reform der Pflegeversicherung wird f\u00fcr Pflegebed\u00fcrftige und deren Angeh\u00f6rige Leistungsverbesserungen und die Verbesserungen der Strukturen bringen. Dar\u00fcber hinaus liegt ein besonderer Schwerpunkt der Reform auf dem Ausbau ambulanter Strukturen.&hellip; <\/p>\n","protected":false},"author":1,"featured_media":0,"comment_status":"closed","ping_status":"closed","sticky":false,"template":"","format":"standard","meta":{"footnotes":""},"categories":[1],"tags":[],"quellen":[],"class_list":["post-623","post","type-post","status-publish","format-standard","hentry","category-allgemein"],"_links":{"self":[{"href":"https:\/\/meier-gerdingh.de\/wp-spd-ob\/wp-json\/wp\/v2\/posts\/623","targetHints":{"allow":["GET"]}}],"collection":[{"href":"https:\/\/meier-gerdingh.de\/wp-spd-ob\/wp-json\/wp\/v2\/posts"}],"about":[{"href":"https:\/\/meier-gerdingh.de\/wp-spd-ob\/wp-json\/wp\/v2\/types\/post"}],"author":[{"embeddable":true,"href":"https:\/\/meier-gerdingh.de\/wp-spd-ob\/wp-json\/wp\/v2\/users\/1"}],"replies":[{"embeddable":true,"href":"https:\/\/meier-gerdingh.de\/wp-spd-ob\/wp-json\/wp\/v2\/comments?post=623"}],"version-history":[{"count":0,"href":"https:\/\/meier-gerdingh.de\/wp-spd-ob\/wp-json\/wp\/v2\/posts\/623\/revisions"}],"wp:attachment":[{"href":"https:\/\/meier-gerdingh.de\/wp-spd-ob\/wp-json\/wp\/v2\/media?parent=623"}],"wp:term":[{"taxonomy":"category","embeddable":true,"href":"https:\/\/meier-gerdingh.de\/wp-spd-ob\/wp-json\/wp\/v2\/categories?post=623"},{"taxonomy":"post_tag","embeddable":true,"href":"https:\/\/meier-gerdingh.de\/wp-spd-ob\/wp-json\/wp\/v2\/tags?post=623"},{"taxonomy":"quellen","embeddable":true,"href":"https:\/\/meier-gerdingh.de\/wp-spd-ob\/wp-json\/wp\/v2\/quellen?post=623"}],"curies":[{"name":"wp","href":"https:\/\/api.w.org\/{rel}","templated":true}]}}