{"id":624,"date":"2008-04-01T16:00:00","date_gmt":"2008-04-01T14:00:00","guid":{"rendered":"http:\/\/www.meier-gerdingh.de\/spd-oberhausen\/wp\/?p=624"},"modified":"2017-05-14T15:04:13","modified_gmt":"2017-05-14T13:04:13","slug":"spd-senioren-informierten-sich-ueber-gesundheitsreform","status":"publish","type":"post","link":"https:\/\/meier-gerdingh.de\/wp-spd-ob\/2008\/04\/01\/spd-senioren-informierten-sich-ueber-gesundheitsreform\/","title":{"rendered":"SPD-Senioren informierten sich \u00fcber Gesundheitsreform"},"content":{"rendered":"<div style=\"width: 150px\" class=\"wp-caption alignleft\"><a href=\"http:\/\/meier-gerdingh.de\/wp-spd-ob\/wp-content\/uploads\/hegenberg_rudi.jpg\"><img decoding=\"async\" class=\"size-full\" src=\"http:\/\/meier-gerdingh.de\/wp-spd-ob\/wp-content\/uploads\/hegenberg_rudi.jpg\" alt=\"Rudi Hegenberg ist Vorsitzender der SPD-Senioren im Ortsverein Sterkrade-Nord\" width=\"140\" height=\"192\" \/><\/a><p class=\"wp-caption-text\">Rudi Hegenberg ist Vorsitzender der SPD-Senioren im Ortsverein Sterkrade-Nord<\/p><\/div>\n<p>Um zeitnahe Informationen \u00fcber die Gesundheitsreform ging es bei der Jahreshauptversammlung der SPD-Senioren Sterkrade-Nord im Saal der Seniorenanlage am Julius-Brecht-Anger, zu der Vorsitzender Rudi Hegenberg neben den Mitgliedern auch viele G\u00e4ste begr\u00fc\u00dfen konnte. Mit Sabine We\u00dfendorf von der Oberhausener AOK hatte er eine Referentin gewonnen, die<br \/>\nsich im Verlaufe ihres Vortrages auch reichlich Zeit nahm, die zahlreichen Nachfragen der Seniorinnen und Senioren zu beantworten, wie sie sich aus dem t\u00e4glichen Erleben der Anwesenden mit den neuen und alten Regelungen im Gesundheitsbereich entwickelt haben.<!--more--><\/p>\n<p>Bei ihrer Darstellung der vom Gesetzgeber beschlossenen Regelungen ging Frau We\u00dfendorf auf folgende Schwerpunkte ein:<\/p>\n<p>&#8211; die Finanzierung der Gesundheitsreform,<br \/>\n&#8211; die B\u00fcrgerversicherung,<br \/>\n&#8211; die Abl\u00f6sung der Budgetierung zum 1.1.2009,<br \/>\n&#8211; die zu erwartende k\u00fcnftige Beitragsentwicklung,<br \/>\n&#8211; die elektronische Gesundheitskarte,<br \/>\n&#8211; die Wahltarife,<br \/>\n&#8211; die Regelungen beim Zahnersatz und<br \/>\n&#8211; die \u00c4nderungen bei der Pflegeversicherung.<\/p>\n<p>Besonders interessierte die Senioren angesichts ihrer begrenzten Einkommensverh\u00e4ltnisse die Regelungen bei der Befreiung von Zuzahlungen bei Medikamenten und die Verwendung von Generika, also preiswerten &#8222;Ersatzmedikamenten&#8220; von gleicher Zusammensetzung. Das gleiche Interesse galt auch der Frage des k\u00fcnftigen Wettbewerbs der Kassen untereinander und der M\u00f6glichkeiten des Wechsels der Kasse.<\/p>\n<p>Offen blieb bei vielen Diskussionsbeitr\u00e4gen, ob der Gesetzgeber bei vielen Regelungen wirklich zu optimalen L\u00f6sungen gefunden hat. Auf jeden Fall muss davon ausgegangen werden, dass auch k\u00fcnftig mit steigenden Beitragss\u00e4tzen zu rechnen ist, die die Zuw\u00e4chse bei den Renten mindestens &#8222;kompensieren&#8220;.<\/p>\n<p>Sicher sei, so abschlie\u00dfend Seniorenchef Rudi Hegenberg, dass dies nicht die letzte Info-Veranstaltung zur Gesundheitsreform sein werde, da auch in Zukunft mit neuen Fragestellungen zu rechnen sei.<\/p>\n","protected":false},"excerpt":{"rendered":"<p>Um zeitnahe Informationen \u00fcber die Gesundheitsreform ging es bei der Jahreshauptversammlung der SPD-Senioren Sterkrade-Nord im Saal der Seniorenanlage am Julius-Brecht-Anger, zu der Vorsitzender Rudi Hegenberg neben den Mitgliedern auch viele&hellip; <\/p>\n","protected":false},"author":1,"featured_media":0,"comment_status":"closed","ping_status":"closed","sticky":false,"template":"","format":"standard","meta":{"footnotes":""},"categories":[1],"tags":[],"quellen":[],"class_list":["post-624","post","type-post","status-publish","format-standard","hentry","category-allgemein"],"_links":{"self":[{"href":"https:\/\/meier-gerdingh.de\/wp-spd-ob\/wp-json\/wp\/v2\/posts\/624","targetHints":{"allow":["GET"]}}],"collection":[{"href":"https:\/\/meier-gerdingh.de\/wp-spd-ob\/wp-json\/wp\/v2\/posts"}],"about":[{"href":"https:\/\/meier-gerdingh.de\/wp-spd-ob\/wp-json\/wp\/v2\/types\/post"}],"author":[{"embeddable":true,"href":"https:\/\/meier-gerdingh.de\/wp-spd-ob\/wp-json\/wp\/v2\/users\/1"}],"replies":[{"embeddable":true,"href":"https:\/\/meier-gerdingh.de\/wp-spd-ob\/wp-json\/wp\/v2\/comments?post=624"}],"version-history":[{"count":0,"href":"https:\/\/meier-gerdingh.de\/wp-spd-ob\/wp-json\/wp\/v2\/posts\/624\/revisions"}],"wp:attachment":[{"href":"https:\/\/meier-gerdingh.de\/wp-spd-ob\/wp-json\/wp\/v2\/media?parent=624"}],"wp:term":[{"taxonomy":"category","embeddable":true,"href":"https:\/\/meier-gerdingh.de\/wp-spd-ob\/wp-json\/wp\/v2\/categories?post=624"},{"taxonomy":"post_tag","embeddable":true,"href":"https:\/\/meier-gerdingh.de\/wp-spd-ob\/wp-json\/wp\/v2\/tags?post=624"},{"taxonomy":"quellen","embeddable":true,"href":"https:\/\/meier-gerdingh.de\/wp-spd-ob\/wp-json\/wp\/v2\/quellen?post=624"}],"curies":[{"name":"wp","href":"https:\/\/api.w.org\/{rel}","templated":true}]}}