{"id":625,"date":"2008-04-05T16:00:00","date_gmt":"2008-04-05T14:00:00","guid":{"rendered":"http:\/\/www.meier-gerdingh.de\/spd-oberhausen\/wp\/?p=625"},"modified":"2017-05-14T15:04:05","modified_gmt":"2017-05-14T13:04:05","slug":"auch-generalsekretaer-mike-groschek-steht-zur-wahl","status":"publish","type":"post","link":"https:\/\/meier-gerdingh.de\/wp-spd-ob\/2008\/04\/05\/auch-generalsekretaer-mike-groschek-steht-zur-wahl\/","title":{"rendered":"Auch Generalsekret\u00e4r Mike Groschek steht zur Wahl"},"content":{"rendered":"<div style=\"width: 150px\" class=\"wp-caption alignleft\"><a href=\"http:\/\/meier-gerdingh.de\/wp-spd-ob\/wp-content\/uploads\/groschek_michael_08.jpg\"><img decoding=\"async\" class=\"size-full\" src=\"http:\/\/meier-gerdingh.de\/wp-spd-ob\/wp-content\/uploads\/groschek_michael_08.jpg\" alt=\"Michael Groschek MdL\" width=\"140\" height=\"186\" \/><\/a><p class=\"wp-caption-text\">Michael Groschek MdL<\/p><\/div>\n<p>Am heutigen Samstag findet in D\u00fcsseldorf der ordentliche Parteitag der NRWSPD statt. Auf dem Landesparteitag wird die F\u00fchrung der SPD in Nordrhein-Westfalen neu gew\u00e4hlt. Neben den Vorstandswahlen und der Wahl der SPD-Vorsitzenden, bei der sich die M\u00fclheimerin Hannelore Kraft erneut zur Wahl stellt, wird auch der Oberhausener SPD-Landtagsabgeordnete Michael Groschek erneut als Generalsekret\u00e4r f\u00fcr die NRWSPD kandidieren. Neben den Vorstandswahlen stehen zahlreiche Antr\u00e4ge f\u00fcr die Delegierten zur Beratung bereit, u.a. ein Leitantrag zur Kommunalpolitik.<!--more--><\/p>\n<p>F\u00fcr die hiesigen Sozialdemokraten nehmen weiter als Delegierte Oberb\u00fcrgermeister Klaus Wehling, Parteichef Wolfgang Gro\u00dfe Br\u00f6mer sowie Anne Jan\u00dfen, Margit Klein, Karl-Heinz Emmerich, Kirsten Oberste-Kleinbeck und Stefan Zimkeit am Landesparteitag teil.<\/p>\n","protected":false},"excerpt":{"rendered":"<p>Am heutigen Samstag findet in D\u00fcsseldorf der ordentliche Parteitag der NRWSPD statt. Auf dem Landesparteitag wird die F\u00fchrung der SPD in Nordrhein-Westfalen neu gew\u00e4hlt. Neben den Vorstandswahlen und der Wahl&hellip; <\/p>\n","protected":false},"author":1,"featured_media":0,"comment_status":"closed","ping_status":"closed","sticky":false,"template":"","format":"standard","meta":{"footnotes":""},"categories":[1],"tags":[],"quellen":[],"class_list":["post-625","post","type-post","status-publish","format-standard","hentry","category-allgemein"],"_links":{"self":[{"href":"https:\/\/meier-gerdingh.de\/wp-spd-ob\/wp-json\/wp\/v2\/posts\/625","targetHints":{"allow":["GET"]}}],"collection":[{"href":"https:\/\/meier-gerdingh.de\/wp-spd-ob\/wp-json\/wp\/v2\/posts"}],"about":[{"href":"https:\/\/meier-gerdingh.de\/wp-spd-ob\/wp-json\/wp\/v2\/types\/post"}],"author":[{"embeddable":true,"href":"https:\/\/meier-gerdingh.de\/wp-spd-ob\/wp-json\/wp\/v2\/users\/1"}],"replies":[{"embeddable":true,"href":"https:\/\/meier-gerdingh.de\/wp-spd-ob\/wp-json\/wp\/v2\/comments?post=625"}],"version-history":[{"count":0,"href":"https:\/\/meier-gerdingh.de\/wp-spd-ob\/wp-json\/wp\/v2\/posts\/625\/revisions"}],"wp:attachment":[{"href":"https:\/\/meier-gerdingh.de\/wp-spd-ob\/wp-json\/wp\/v2\/media?parent=625"}],"wp:term":[{"taxonomy":"category","embeddable":true,"href":"https:\/\/meier-gerdingh.de\/wp-spd-ob\/wp-json\/wp\/v2\/categories?post=625"},{"taxonomy":"post_tag","embeddable":true,"href":"https:\/\/meier-gerdingh.de\/wp-spd-ob\/wp-json\/wp\/v2\/tags?post=625"},{"taxonomy":"quellen","embeddable":true,"href":"https:\/\/meier-gerdingh.de\/wp-spd-ob\/wp-json\/wp\/v2\/quellen?post=625"}],"curies":[{"name":"wp","href":"https:\/\/api.w.org\/{rel}","templated":true}]}}