{"id":626,"date":"2008-04-06T16:00:00","date_gmt":"2008-04-06T14:00:00","guid":{"rendered":"http:\/\/www.meier-gerdingh.de\/spd-oberhausen\/wp\/?p=626"},"modified":"2017-05-14T15:03:56","modified_gmt":"2017-05-14T13:03:56","slug":"hannelore-kraft-mit-9661-prozent-als-landesvorsitzende-bestaetigt","status":"publish","type":"post","link":"https:\/\/meier-gerdingh.de\/wp-spd-ob\/2008\/04\/06\/hannelore-kraft-mit-9661-prozent-als-landesvorsitzende-bestaetigt\/","title":{"rendered":"Hannelore Kraft mit 96,61 % als Landesvorsitzende best\u00e4tigt"},"content":{"rendered":"<div style=\"width: 210px\" class=\"wp-caption alignleft\"><a href=\"http:\/\/meier-gerdingh.de\/wp-spd-ob\/wp-content\/uploads\/landesparteitag_2008.jpg\"><img decoding=\"async\" class=\"size-full\" src=\"http:\/\/meier-gerdingh.de\/wp-spd-ob\/wp-content\/uploads\/landesparteitag_2008.jpg\" alt=\"Schatzmeister Norbert R\u00f6mer und Generalsekret\u00e4r Mike Groschek gratulieren Hannelore Kraft zum hervorragenden Wahlergebnis\" width=\"200\" height=\"148\" \/><\/a><p class=\"wp-caption-text\">Schatzmeister Norbert R\u00f6mer und Generalsekret\u00e4r Mike Groschek gratulieren Hannelore Kraft zum hervorragenden Wahlergebnis<\/p><\/div>\n<p>Auf dem Landesparteitag &#8222;Starke St\u00e4dte. Starkes Land.&#8220; in D\u00fcsseldorf ist Hannelore Kraft mit hervorragenden 96,61 % erneut zur Landesvorsitzenden gew\u00e4hlt worden. F\u00fcr Hannelore Kraft stimmten 427 Delegierte mit Ja, 14 mit Nein bei 1 Enthaltung (Bei ihrer ersten Wahl 2007 hatte Hannelore Kraft 95,6 % der Stimmen erhalten). Britta Altenkamp, Birgit Fischer, Jochen Ott und Ute Sch\u00e4fer wurden als stellvertretende Landesvorsitzende gew\u00e4hlt. Michael Groschek wurde als Generalsekret\u00e4r, Norbert R\u00f6mer als Schatzmeister best\u00e4tigt.<!--more--><\/p>\n<p>N\u00e4chstes Jahr geht es darum, Rath\u00e4user zu erobern. Hannelore Kraft zeigte selbstbewusst Siegeswillen f\u00fcr die kommenden vier Wahlen in elf Monaten in Nordrhein-Westfalen. Sie unterstrich dabei, dass sich die NRWSPD mit den richtigen Inhalten um die Themen k\u00fcmmere, die die Menschen im Land wirklich besch\u00e4ftigten: &#8222;Sie wollen wie wir eine B\u00fcrgerversicherung und keine Kopfpauschale, sie wollen wie wir den Mindestlohn, sie sagen wie wir: Kibiz ist Mumpitz, sie wollen wie wir l\u00e4ngeres gemeinsames Lernen und sie sagen wie wir: Weg mit den Studiengeb\u00fchren.&#8220;<\/p>\n","protected":false},"excerpt":{"rendered":"<p>Auf dem Landesparteitag &#8222;Starke St\u00e4dte. Starkes Land.&#8220; in D\u00fcsseldorf ist Hannelore Kraft mit hervorragenden 96,61 % erneut zur Landesvorsitzenden gew\u00e4hlt worden. F\u00fcr Hannelore Kraft stimmten 427 Delegierte mit Ja, 14&hellip; <\/p>\n","protected":false},"author":1,"featured_media":0,"comment_status":"closed","ping_status":"closed","sticky":false,"template":"","format":"standard","meta":{"footnotes":""},"categories":[1],"tags":[],"quellen":[],"class_list":["post-626","post","type-post","status-publish","format-standard","hentry","category-allgemein"],"_links":{"self":[{"href":"https:\/\/meier-gerdingh.de\/wp-spd-ob\/wp-json\/wp\/v2\/posts\/626","targetHints":{"allow":["GET"]}}],"collection":[{"href":"https:\/\/meier-gerdingh.de\/wp-spd-ob\/wp-json\/wp\/v2\/posts"}],"about":[{"href":"https:\/\/meier-gerdingh.de\/wp-spd-ob\/wp-json\/wp\/v2\/types\/post"}],"author":[{"embeddable":true,"href":"https:\/\/meier-gerdingh.de\/wp-spd-ob\/wp-json\/wp\/v2\/users\/1"}],"replies":[{"embeddable":true,"href":"https:\/\/meier-gerdingh.de\/wp-spd-ob\/wp-json\/wp\/v2\/comments?post=626"}],"version-history":[{"count":0,"href":"https:\/\/meier-gerdingh.de\/wp-spd-ob\/wp-json\/wp\/v2\/posts\/626\/revisions"}],"wp:attachment":[{"href":"https:\/\/meier-gerdingh.de\/wp-spd-ob\/wp-json\/wp\/v2\/media?parent=626"}],"wp:term":[{"taxonomy":"category","embeddable":true,"href":"https:\/\/meier-gerdingh.de\/wp-spd-ob\/wp-json\/wp\/v2\/categories?post=626"},{"taxonomy":"post_tag","embeddable":true,"href":"https:\/\/meier-gerdingh.de\/wp-spd-ob\/wp-json\/wp\/v2\/tags?post=626"},{"taxonomy":"quellen","embeddable":true,"href":"https:\/\/meier-gerdingh.de\/wp-spd-ob\/wp-json\/wp\/v2\/quellen?post=626"}],"curies":[{"name":"wp","href":"https:\/\/api.w.org\/{rel}","templated":true}]}}