{"id":627,"date":"2008-04-15T16:00:00","date_gmt":"2008-04-15T14:00:00","guid":{"rendered":"http:\/\/www.meier-gerdingh.de\/spd-oberhausen\/wp\/?p=627"},"modified":"2017-05-14T15:03:41","modified_gmt":"2017-05-14T13:03:41","slug":"frederick-cordes-ist-neuer-juso-vorsitzender","status":"publish","type":"post","link":"https:\/\/meier-gerdingh.de\/wp-spd-ob\/2008\/04\/15\/frederick-cordes-ist-neuer-juso-vorsitzender\/","title":{"rendered":"Frederick Cordes ist neuer Juso-Vorsitzender"},"content":{"rendered":"<div style=\"width: 210px\" class=\"wp-caption alignleft\"><a href=\"http:\/\/meier-gerdingh.de\/wp-spd-ob\/wp-content\/uploads\/juso_jhv_2008.jpg\"><img decoding=\"async\" class=\"size-full\" src=\"http:\/\/meier-gerdingh.de\/wp-spd-ob\/wp-content\/uploads\/juso_jhv_2008.jpg\" alt=\"Der neu gew\u00e4hlte Vorstand der Oberhausener Jusos\" width=\"200\" height=\"150\" \/><\/a><p class=\"wp-caption-text\">Der neu gew\u00e4hlte Vorstand der Oberhausener Jusos<\/p><\/div>\n<p>Die Jusos Oberhausen haben den 22-j\u00e4hrigen Studenten Frederick Cordes zum neuen Vorsitzenden der Jusos Oberhausen gew\u00e4hlt. Der stellvertretende Vorsitzende wird personell durch Ren\u00e9 Pascheberg vertreten. Weitere Mitglieder des neuen Vorstandes sind Stephan Bramorski als Finanzreferent, Stella Bardt, Stephanie Schmidt und Sven Pascheberg jeweils als Beisitzer\/in. Alle neuen Vorstandsmitglieder wurden mit einer gro\u00dfen Mehrheit auf der Unterbezirks-Konferenz gew\u00e4hlt.<!--more--><\/p>\n<p>Die Jusos Oberhausen sind nun gut aufgestellt, um in ein neues Arbeitsjahr zu gehen. Die Arbeit der einzelnen Arbeitsgemeinschaften hat im letzten Jahr an Fahrt gewonnen. Viele engagierte und qualifizierte Mitglieder sowie den Jusos nahe stehende Personen haben geholfen, dass auch auf Unterbezirksebene erfolgreich gearbeitet werden konnte, daran m\u00f6chte der jetzige Vorstand ankn\u00fcpfen.<\/p>\n<p>Des weiteren wurde im vergangenen Jahr ein Arbeitskreis gegen Rechtsextremismus gebildet. Dieser setzt sich aktiv mit den rechten Verb\u00e4nden auseinander. Hier sind vor allem die Demonstrationen gegen NPD-St\u00e4nde in Oberhausen hervor zu heben, an denen die Jusos aktiv teilnahmen. Da die NPD weiterhin in unserer Stadt aktiv ist, wird auch die Arbeit des Arbeitskreises weitergehen. &#8222;Das ist jedoch nur ein kleiner Auszug unserer To Do Liste f\u00fcr das n\u00e4chste Arbeitsjahr&#8220;, sagte der Vorsitzende Frederick Cordes.<\/p>\n<p>Die Delegierten beschlossen weiterhin ein gemeinsames Strategiepapier und legten damit eine klare kommunalpolitische Grundlage f\u00fcr die Arbeit der Jusos Oberhausen im kommenden Jahr fest. F\u00fcr weitere inhaltliche Diskussionen sorgten die G\u00e4ste Katja Peliz\u00e4us (stellvertretende Juso Landesvorsitzende) und Robin Baranski (Jugendbildungsreferent im Juso Landesb\u00fcro). Thematisch ging es dabei um Bildungspolitik, Kommunalpolitik und die bevorstehenden Wahlk\u00e4mpfe. Diese Themen nahmen alle Bezug auf die momentane Politik der Landesregierung.<\/p>\n","protected":false},"excerpt":{"rendered":"<p>Die Jusos Oberhausen haben den 22-j\u00e4hrigen Studenten Frederick Cordes zum neuen Vorsitzenden der Jusos Oberhausen gew\u00e4hlt. Der stellvertretende Vorsitzende wird personell durch Ren\u00e9 Pascheberg vertreten. Weitere Mitglieder des neuen Vorstandes&hellip; <\/p>\n","protected":false},"author":1,"featured_media":0,"comment_status":"closed","ping_status":"closed","sticky":false,"template":"","format":"standard","meta":{"footnotes":""},"categories":[1],"tags":[],"quellen":[],"class_list":["post-627","post","type-post","status-publish","format-standard","hentry","category-allgemein"],"_links":{"self":[{"href":"https:\/\/meier-gerdingh.de\/wp-spd-ob\/wp-json\/wp\/v2\/posts\/627","targetHints":{"allow":["GET"]}}],"collection":[{"href":"https:\/\/meier-gerdingh.de\/wp-spd-ob\/wp-json\/wp\/v2\/posts"}],"about":[{"href":"https:\/\/meier-gerdingh.de\/wp-spd-ob\/wp-json\/wp\/v2\/types\/post"}],"author":[{"embeddable":true,"href":"https:\/\/meier-gerdingh.de\/wp-spd-ob\/wp-json\/wp\/v2\/users\/1"}],"replies":[{"embeddable":true,"href":"https:\/\/meier-gerdingh.de\/wp-spd-ob\/wp-json\/wp\/v2\/comments?post=627"}],"version-history":[{"count":0,"href":"https:\/\/meier-gerdingh.de\/wp-spd-ob\/wp-json\/wp\/v2\/posts\/627\/revisions"}],"wp:attachment":[{"href":"https:\/\/meier-gerdingh.de\/wp-spd-ob\/wp-json\/wp\/v2\/media?parent=627"}],"wp:term":[{"taxonomy":"category","embeddable":true,"href":"https:\/\/meier-gerdingh.de\/wp-spd-ob\/wp-json\/wp\/v2\/categories?post=627"},{"taxonomy":"post_tag","embeddable":true,"href":"https:\/\/meier-gerdingh.de\/wp-spd-ob\/wp-json\/wp\/v2\/tags?post=627"},{"taxonomy":"quellen","embeddable":true,"href":"https:\/\/meier-gerdingh.de\/wp-spd-ob\/wp-json\/wp\/v2\/quellen?post=627"}],"curies":[{"name":"wp","href":"https:\/\/api.w.org\/{rel}","templated":true}]}}