{"id":6274,"date":"2019-05-03T14:06:27","date_gmt":"2019-05-03T12:06:27","guid":{"rendered":"https:\/\/meier-gerdingh.de\/wp-spd-ob\/?p=6274"},"modified":"2019-05-03T21:39:38","modified_gmt":"2019-05-03T19:39:38","slug":"europa-stark-machen","status":"publish","type":"post","link":"https:\/\/meier-gerdingh.de\/wp-spd-ob\/2019\/05\/03\/europa-stark-machen\/","title":{"rendered":"Europa stark machen"},"content":{"rendered":"<div id=\"attachment_6272\" style=\"width: 250px\" class=\"wp-caption alignleft\"><a href=\"https:\/\/meier-gerdingh.de\/wp-spd-ob\/wp-content\/uploads\/2019\/05\/ov-osterfeld-auto-2019-lg.jpg\"><img aria-describedby=\"caption-attachment-6272\" decoding=\"async\" class=\"size-full wp-image-6272\" src=\"https:\/\/meier-gerdingh.de\/wp-spd-ob\/wp-content\/uploads\/2019\/05\/ov-osterfeld-auto-2019.jpg\" alt=\"\" width=\"240\" height=\"196\" \/><\/a><p id=\"caption-attachment-6272\" class=\"wp-caption-text\">Das &#8222;rote Auto&#8220; steht wirbt seit Freitag f\u00fcr den Infostand der Osterfelder SPD am Samstag auf der Volksgartenwiese<\/p><\/div>\n<p>Mit dem Spruch &#8222;musse mitmachen&#8220; wirbt der SPD-Ortsverein Osterfeld f\u00fcr seinen Stand zur Europawahl am morgigen Samstag, 4. Mai, zwischen 14 und 16 Uhr auf der Volksgartenwiese. &#8222;Ziel ist es, die Leute dazu zu bewegen, am 26. Mai w\u00e4hlen zu gehen&#8220;, erkl\u00e4rt der Osterfelder Vorsitzende Thorsten Kamps. Fragen beantworten an diesem Tag neben unserem Europaabgeordneten Jens Geier etwa die Stadtverordneten Silke Jacobs und J\u00f6rg Bischoff.<\/p>\n<p>Die stellvertretende Vorsitzende des Ortsvereins, Helga Grothe, weist auf das auff\u00e4llige Auto hin, welches mit einer roten Decke \u00fcberzogen worden ist. &#8222;Dadurch wird man uns nicht \u00fcbersehen k\u00f6nnen.&#8220;<!--more--><\/p>\n<p>Das Auto steht bereits seit Freitag an der Kapellenstra\u00dfe und weckt die Aufmerksamkeit der Passanten.<\/p>\n<p>&#8222;Wir haben f\u00fcr alle ein offenes Ohr und freuen uns auf gute Gespr\u00e4che&#8220;, so Silke Jacobs.<\/p>\n<div class='ajde_evcal_calendar eventon_single_event eventon_event evo_sin_box sev cev color esty_2' ><div class='evo-data'   data-ux_val='1' data-exturl='' data-mapscroll='true' data-mapformat='roadmap' data-mapzoom='16' ><\/div><div class='evo_cal_data' data-sc='{\"excerpt\":\"no\",\"expanded\":\"no\",\"ux_val\":1,\"exturl\":\"\",\"mapscroll\":\"true\",\"mapformat\":\"roadmap\",\"mapzoom\":\"16\",\"maps_load\":\"yes\"}'><\/div><div id='evcal_list' class='eventon_events_list '>Missing Event Data<\/div><\/div>\n","protected":false},"excerpt":{"rendered":"<p>Mit dem Spruch &#8222;musse mitmachen&#8220; wirbt der SPD-Ortsverein Osterfeld f\u00fcr seinen Stand zur Europawahl am morgigen Samstag, 4. Mai, zwischen 14 und 16 Uhr auf der Volksgartenwiese. &#8222;Ziel ist es,&hellip; <\/p>\n","protected":false},"author":1,"featured_media":0,"comment_status":"closed","ping_status":"closed","sticky":false,"template":"","format":"standard","meta":{"footnotes":""},"categories":[171,178],"tags":[1889,1671,435,41,1916],"quellen":[339],"class_list":["post-6274","post","type-post","status-publish","format-standard","hentry","category-veranstaltungen","category-wahlen","tag-europawahl-2019","tag-infostand","tag-kapellenstrasse","tag-osterfeld","tag-volksgarten-osterfeld","quellen-ov-osterfeld"],"_links":{"self":[{"href":"https:\/\/meier-gerdingh.de\/wp-spd-ob\/wp-json\/wp\/v2\/posts\/6274","targetHints":{"allow":["GET"]}}],"collection":[{"href":"https:\/\/meier-gerdingh.de\/wp-spd-ob\/wp-json\/wp\/v2\/posts"}],"about":[{"href":"https:\/\/meier-gerdingh.de\/wp-spd-ob\/wp-json\/wp\/v2\/types\/post"}],"author":[{"embeddable":true,"href":"https:\/\/meier-gerdingh.de\/wp-spd-ob\/wp-json\/wp\/v2\/users\/1"}],"replies":[{"embeddable":true,"href":"https:\/\/meier-gerdingh.de\/wp-spd-ob\/wp-json\/wp\/v2\/comments?post=6274"}],"version-history":[{"count":0,"href":"https:\/\/meier-gerdingh.de\/wp-spd-ob\/wp-json\/wp\/v2\/posts\/6274\/revisions"}],"wp:attachment":[{"href":"https:\/\/meier-gerdingh.de\/wp-spd-ob\/wp-json\/wp\/v2\/media?parent=6274"}],"wp:term":[{"taxonomy":"category","embeddable":true,"href":"https:\/\/meier-gerdingh.de\/wp-spd-ob\/wp-json\/wp\/v2\/categories?post=6274"},{"taxonomy":"post_tag","embeddable":true,"href":"https:\/\/meier-gerdingh.de\/wp-spd-ob\/wp-json\/wp\/v2\/tags?post=6274"},{"taxonomy":"quellen","embeddable":true,"href":"https:\/\/meier-gerdingh.de\/wp-spd-ob\/wp-json\/wp\/v2\/quellen?post=6274"}],"curies":[{"name":"wp","href":"https:\/\/api.w.org\/{rel}","templated":true}]}}