{"id":6279,"date":"2019-05-06T12:20:50","date_gmt":"2019-05-06T10:20:50","guid":{"rendered":"https:\/\/meier-gerdingh.de\/wp-spd-ob\/?p=6279"},"modified":"2019-05-09T20:37:01","modified_gmt":"2019-05-09T18:37:01","slug":"spd-will-mehr-tempo-bei-sterkrader-projekten","status":"publish","type":"post","link":"https:\/\/meier-gerdingh.de\/wp-spd-ob\/2019\/05\/06\/spd-will-mehr-tempo-bei-sterkrader-projekten\/","title":{"rendered":"SPD will mehr Tempo bei Sterkrader Projekten"},"content":{"rendered":"<div id=\"attachment_5398\" style=\"width: 190px\" class=\"wp-caption alignleft\"><a href=\"https:\/\/meier-gerdingh.de\/wp-spd-ob\/wp-content\/uploads\/2018\/07\/14_real_ulrich_1000.jpg\"><img aria-describedby=\"caption-attachment-5398\" decoding=\"async\" class=\"size-full wp-image-5398\" src=\"https:\/\/meier-gerdingh.de\/wp-spd-ob\/wp-content\/uploads\/2018\/07\/14_real_ulrich.jpg\" alt=\"\" width=\"180\" height=\"180\" srcset=\"https:\/\/meier-gerdingh.de\/wp-spd-ob\/wp-content\/uploads\/2018\/07\/14_real_ulrich.jpg 180w, https:\/\/meier-gerdingh.de\/wp-spd-ob\/wp-content\/uploads\/2018\/07\/14_real_ulrich-150x150.jpg 150w\" sizes=\"(max-width: 180px) 100vw, 180px\" \/><\/a><p id=\"caption-attachment-5398\" class=\"wp-caption-text\">Ulrich Real ist Bezirksb\u00fcrgermeister von Sterkrade und planungspolitischer Sprecher der SPD-Ratsfraktion<\/p><\/div>\n<p>\u00c4u\u00dferst irritiert zeigt sich Sterkrades Bezirksb\u00fcrgermeister Ulrich Real (SPD) \u00fcber ein Bauschild in Sterkrade an der Tirpitzstra\u00dfe. In gro\u00dfen Buchstaben wird dort der Bau eines neuen Spielplatzes angek\u00fcndigt, und zwar f\u00fcr das Fr\u00fchjahr 2019. Angefangen haben die Arbeiten indes noch nicht.<\/p>\n<p>&#8222;Das Bauvorhaben ist Teil des integrierten Handlungskonzeptes Sterkrade und wurde im November 2016 als Siegerentwurf nominiert&#8220;, erkl\u00e4rt Real. &#8222;Nach den urspr\u00fcnglichen Planungen sollte im September 2018 mit dem Umbau des Spielplatzes begonnen werden.&#8220; Wegen interner Abstimmungsprobleme wurde der Baubeginn dann auf das erste Quartal dieses Jahres verschoben. &#8222;Mittlerweile schreiben wir den Mai 2019 und passiert ist nichts&#8220;, erkl\u00e4rt Real ver\u00e4rgert.<!--more--><\/p>\n<div id=\"attachment_6277\" style=\"width: 250px\" class=\"wp-caption alignleft\"><a href=\"https:\/\/meier-gerdingh.de\/wp-spd-ob\/wp-content\/uploads\/2019\/05\/bauschild-spielplatz-tirpitzstrasse-lg.jpg\"><img aria-describedby=\"caption-attachment-6277\" decoding=\"async\" class=\"size-full wp-image-6277\" src=\"https:\/\/meier-gerdingh.de\/wp-spd-ob\/wp-content\/uploads\/2019\/05\/bauschild-spielplatz-tirpitzstrasse.jpg\" alt=\"\" width=\"240\" height=\"197\" \/><\/a><p id=\"caption-attachment-6277\" class=\"wp-caption-text\">Das Bauschild steht ja schon mal an der Tirpitzstra\u00dfe. Die Sterkrader SPD w\u00fcrde es begr\u00fc\u00dfen, wenn dem Schild nun auch endlich Taten folgen w\u00fcrden.<\/p><\/div>\n<p>Uneingeschr\u00e4nkte Unterst\u00fctzung sagt der Bezirksb\u00fcrgermeister deshalb dem <a href=\"https:\/\/allris.oberhausen.de\/bi\/___tmp\/tmp\/450810361047550024\/1047550024\/00210245\/45.pdf\">gemeinsamen Antrag von SPD, CDU und Gr\u00fcnen<\/a> in der kommenden Sitzung der Bezirksvertretung Sterkrade am Donnerstag zu. Es sei zu kl\u00e4ren, warum es zu solch gro\u00dfen zeitlichen Verz\u00f6gerungen bei der Umsetzung kommt.<\/p>\n<p>Das gleiche Problem zeigt sich bei einem weiteren Projekt aus dem integrierten Handlungskonzept Sterkrade. Ebenfalls im November 2016 ist der Umbau des Mehrgenerationenplatzes an der Gartenstra\u00dfe beschlossen worden. Auch hier ist bisher nicht passiert.<\/p>\n<p>Mit Blick auf weitere Projekte in Sterkrade will der Bezirksb\u00fcrgermeister die Verwaltung mehr in die Pflicht nehmen. &#8222;Vor zwei Wochen haben wir den Siegerentwurf f\u00fcr den kleinen Markt nominiert. Hier erwarte ich eine deutlich z\u00fcgigere Bearbeitungszeit und einen schnelleren Baubeginn&#8220;, erkl\u00e4rt Real abschlie\u00dfend.<\/p>\n","protected":false},"excerpt":{"rendered":"<p>\u00c4u\u00dferst irritiert zeigt sich Sterkrades Bezirksb\u00fcrgermeister Ulrich Real (SPD) \u00fcber ein Bauschild in Sterkrade an der Tirpitzstra\u00dfe. In gro\u00dfen Buchstaben wird dort der Bau eines neuen Spielplatzes angek\u00fcndigt, und zwar&hellip; <\/p>\n","protected":false},"author":1,"featured_media":0,"comment_status":"closed","ping_status":"closed","sticky":false,"template":"","format":"standard","meta":{"footnotes":""},"categories":[16,167],"tags":[54,754,1822,1918,1228,886,46],"quellen":[326],"class_list":["post-6279","post","type-post","status-publish","format-standard","hentry","category-stadtentwicklung","category-stadtteile","tag-bezirksvertretung-sterkrade","tag-integriertes-handlungskonzept-sterkrade","tag-kleiner-markt-sterkrade","tag-mehrgenerationenplatz-gartenstrasse","tag-spielplatz-tirpitzstrasse","tag-spielplaetze","tag-sterkrade","quellen-spd-fraktion-oberhausen"],"_links":{"self":[{"href":"https:\/\/meier-gerdingh.de\/wp-spd-ob\/wp-json\/wp\/v2\/posts\/6279","targetHints":{"allow":["GET"]}}],"collection":[{"href":"https:\/\/meier-gerdingh.de\/wp-spd-ob\/wp-json\/wp\/v2\/posts"}],"about":[{"href":"https:\/\/meier-gerdingh.de\/wp-spd-ob\/wp-json\/wp\/v2\/types\/post"}],"author":[{"embeddable":true,"href":"https:\/\/meier-gerdingh.de\/wp-spd-ob\/wp-json\/wp\/v2\/users\/1"}],"replies":[{"embeddable":true,"href":"https:\/\/meier-gerdingh.de\/wp-spd-ob\/wp-json\/wp\/v2\/comments?post=6279"}],"version-history":[{"count":0,"href":"https:\/\/meier-gerdingh.de\/wp-spd-ob\/wp-json\/wp\/v2\/posts\/6279\/revisions"}],"wp:attachment":[{"href":"https:\/\/meier-gerdingh.de\/wp-spd-ob\/wp-json\/wp\/v2\/media?parent=6279"}],"wp:term":[{"taxonomy":"category","embeddable":true,"href":"https:\/\/meier-gerdingh.de\/wp-spd-ob\/wp-json\/wp\/v2\/categories?post=6279"},{"taxonomy":"post_tag","embeddable":true,"href":"https:\/\/meier-gerdingh.de\/wp-spd-ob\/wp-json\/wp\/v2\/tags?post=6279"},{"taxonomy":"quellen","embeddable":true,"href":"https:\/\/meier-gerdingh.de\/wp-spd-ob\/wp-json\/wp\/v2\/quellen?post=6279"}],"curies":[{"name":"wp","href":"https:\/\/api.w.org\/{rel}","templated":true}]}}