{"id":628,"date":"2008-04-18T16:00:00","date_gmt":"2008-04-18T14:00:00","guid":{"rendered":"http:\/\/www.meier-gerdingh.de\/spd-oberhausen\/wp\/?p=628"},"modified":"2017-05-14T15:03:02","modified_gmt":"2017-05-14T13:03:02","slug":"oberhausener-spd-waehlt-fuehrungsspitze","status":"publish","type":"post","link":"https:\/\/meier-gerdingh.de\/wp-spd-ob\/2008\/04\/18\/oberhausener-spd-waehlt-fuehrungsspitze\/","title":{"rendered":"Oberhausener SPD w\u00e4hlt F\u00fchrungsspitze"},"content":{"rendered":"<div style=\"width: 150px\" class=\"wp-caption alignleft\"><a href=\"http:\/\/meier-gerdingh.de\/wp-spd-ob\/wp-content\/uploads\/grosse_broemer_wolfgang.jpg\"><img decoding=\"async\" class=\"size-full\" src=\"http:\/\/meier-gerdingh.de\/wp-spd-ob\/wp-content\/uploads\/grosse_broemer_wolfgang.jpg\" alt=\"Tritt erneut zur Wahl als UB-Vorsitzender der Oberhausener SPD an: Wolfgang Gro\u00dfe Br\u00f6mer, MdL\" width=\"140\" height=\"191\" \/><\/a><p class=\"wp-caption-text\">Tritt erneut zur Wahl als UB-Vorsitzender der Oberhausener SPD an: Wolfgang Gro\u00dfe Br\u00f6mer, MdL<\/p><\/div>\n<p>Am Montag, 21. April 2008, treffen sich die Delegierten der Oberhausener SPD zu ihrem Unterbezirksparteitag. Im Rheinischen Industriemuseum werden die Delegierten einen neuen Vorstand f\u00fcr die kommenden zwei Jahre w\u00e4hlen. Wolfgang Gro\u00dfe Br\u00f6mer tritt erneut zur Wahl als Vorsitzender der Oberhausener SPD an. Ebenso wird Elia Albrecht-Mainz wieder als stellvertretende Vorsitzende kandidieren. Wolfgang Grotthaus wird nach vielen Jahren nicht erneut als stellvertretender UB-Vorsitzender kandidieren. F\u00fcr ihn stellt sich Michael Groschek, MdL und Generalsekret\u00e4r der NRWSPD, zur Wahl.<!--more--><\/p>\n<p>Neben den Vorstandswahlen stehen der Jahresbericht des Vorsitzenden und ein Referat von Oberb\u00fcrgermeister Klaus Wehling auf der Tagesordnung des Parteitags.<\/p>\n<div class=\"agenda\">\n<p>Vorl\u00e4ufige <b>Tagesordnung<\/b>:<\/p>\n<p><b>Pr\u00e4sidium:<\/b> Ortsverein Oberhausen-West<\/p>\n<ol>\n<li>Er\u00f6ffnung des Parteitages<\/li>\n<li>Begr\u00fc\u00dfung und Totenehrung<\/li>\n<li>Konstituierung<br \/>\na) Annahme einer Tagesordnung<br \/>\nb) Annahme einer Gesch\u00e4ftsordnung<br \/>\nc) Wahl einer Versammlungsleitung<br \/>\nd) Wahl einer Mandatspr\u00fcfungskommission<br \/>\ne) Wahl einer Wahlkommission<br \/>\nf) Wahl einer Antragskommission<\/li>\n<li>Genehmigung der Niederschrift des Unterbezirksparteitages vom 5. November 2006<\/li>\n<li>Bericht der Mandatspr\u00fcfungs- und Wahlkommission<\/li>\n<li><b>Berichte:<\/b><br \/>\na) Politischer und Organisationsbericht, <i>Wolfgang Gro\u00dfe Br\u00f6mer<\/i><br \/>\nb) Kassenbericht, <i>Ralf Katernberg<\/i><\/li>\n<li>Aussprache<\/li>\n<li>Bericht der Revisoren und Entlastung des Unterbezirksvorstandes<\/li>\n<li><b>&#8222;Zukunft sichern und gestalten&#8220;<\/b><br \/>\nRede von <b>Klaus Wehling<\/b><br \/>\n&#8211; Oberb\u00fcrgermeister &#8211;<\/li>\n<li><b>Neuwahlen zum Unterbezirksvorstand<\/b><br \/>\na) Wahl der Vorsitzenden oder des Vorsitzenden<br \/>\nb) Wahl der beiden Stellvertreterinnen oder Stellvertreter<br \/>\nc) Wahl der Schatzmeisterin oder des Schatzmeisters<br \/>\nd) Wahl von 13 Beisitzerinnen oder Beisitzern<\/li>\n<li>Wahl von drei Revisorinnen bzw. Revisoren<\/li>\n<li>Wahl der Schiedskommission<br \/>\na) Wahl der Vorsitzenden oder des Vorsitzenden<br \/>\nb) Wahl der beiden Stellvertreterinnen oder Stellvertreter<br \/>\nc) Wahl von vier Beisitzerinnen oder Beisitzern<\/li>\n<li>Beratung von Antr\u00e4gen, soweit sie nicht unter den bisherigen Punkten 1 bis 12 bereits behandelt worden sind.<\/li>\n<li>Abschluss des Unterbezirksparteitages<\/li>\n<\/ol>\n<\/div>\n","protected":false},"excerpt":{"rendered":"<p>Am Montag, 21. April 2008, treffen sich die Delegierten der Oberhausener SPD zu ihrem Unterbezirksparteitag. Im Rheinischen Industriemuseum werden die Delegierten einen neuen Vorstand f\u00fcr die kommenden zwei Jahre w\u00e4hlen.&hellip; <\/p>\n","protected":false},"author":1,"featured_media":0,"comment_status":"closed","ping_status":"closed","sticky":false,"template":"","format":"standard","meta":{"footnotes":""},"categories":[1],"tags":[],"quellen":[],"class_list":["post-628","post","type-post","status-publish","format-standard","hentry","category-allgemein"],"_links":{"self":[{"href":"https:\/\/meier-gerdingh.de\/wp-spd-ob\/wp-json\/wp\/v2\/posts\/628","targetHints":{"allow":["GET"]}}],"collection":[{"href":"https:\/\/meier-gerdingh.de\/wp-spd-ob\/wp-json\/wp\/v2\/posts"}],"about":[{"href":"https:\/\/meier-gerdingh.de\/wp-spd-ob\/wp-json\/wp\/v2\/types\/post"}],"author":[{"embeddable":true,"href":"https:\/\/meier-gerdingh.de\/wp-spd-ob\/wp-json\/wp\/v2\/users\/1"}],"replies":[{"embeddable":true,"href":"https:\/\/meier-gerdingh.de\/wp-spd-ob\/wp-json\/wp\/v2\/comments?post=628"}],"version-history":[{"count":0,"href":"https:\/\/meier-gerdingh.de\/wp-spd-ob\/wp-json\/wp\/v2\/posts\/628\/revisions"}],"wp:attachment":[{"href":"https:\/\/meier-gerdingh.de\/wp-spd-ob\/wp-json\/wp\/v2\/media?parent=628"}],"wp:term":[{"taxonomy":"category","embeddable":true,"href":"https:\/\/meier-gerdingh.de\/wp-spd-ob\/wp-json\/wp\/v2\/categories?post=628"},{"taxonomy":"post_tag","embeddable":true,"href":"https:\/\/meier-gerdingh.de\/wp-spd-ob\/wp-json\/wp\/v2\/tags?post=628"},{"taxonomy":"quellen","embeddable":true,"href":"https:\/\/meier-gerdingh.de\/wp-spd-ob\/wp-json\/wp\/v2\/quellen?post=628"}],"curies":[{"name":"wp","href":"https:\/\/api.w.org\/{rel}","templated":true}]}}