{"id":629,"date":"2008-04-12T16:00:00","date_gmt":"2008-04-12T14:00:00","guid":{"rendered":"http:\/\/www.meier-gerdingh.de\/spd-oberhausen\/wp\/?p=629"},"modified":"2017-05-14T15:03:49","modified_gmt":"2017-05-14T13:03:49","slug":"karsten-bron-als-vorsitzender-des-ub-ausschusses-bestaetigt","status":"publish","type":"post","link":"https:\/\/meier-gerdingh.de\/wp-spd-ob\/2008\/04\/12\/karsten-bron-als-vorsitzender-des-ub-ausschusses-bestaetigt\/","title":{"rendered":"Karsten Bron als Vorsitzender des UB-Ausschusses best\u00e4tigt"},"content":{"rendered":"<div style=\"width: 150px\" class=\"wp-caption alignleft\"><a href=\"http:\/\/meier-gerdingh.de\/wp-spd-ob\/wp-content\/uploads\/bron_karsten.jpg\"><img decoding=\"async\" class=\"size-full\" src=\"http:\/\/meier-gerdingh.de\/wp-spd-ob\/wp-content\/uploads\/bron_karsten.jpg\" alt=\"Alter und neuer Vorsitzender des UB-Ausschusses der Oberhausener SPD: Karsten Bron\" width=\"140\" height=\"193\" \/><\/a><p class=\"wp-caption-text\">Alter und neuer Vorsitzender des UB-Ausschusses der Oberhausener SPD: Karsten Bron<\/p><\/div>\n<p>Der Unterbezirksausschuss der SPD-Oberhausen hat in seiner letzten Sitzung \u00fcber grunds\u00e4tzliche politische Fragen und die Vorbereitung der diesj\u00e4hrigen Jahreshauptversammlung (UB-Parteitag) der Oberhausener SPD beraten. R\u00fcckblickend verwies der Vorsitzende Karsten Bron auf Entscheidungen zum neuen Parteiprogramm der SPD im Herbst 2008 und die Positionierung der hiesigen SPD zu den bildungspolitischen Leitlinien der Landespartei. Der Partei- und Fraktionsvorsitzende Wolfgang Gro\u00dfe Br\u00f6mer informierte die Delegierten \u00fcber die Ausrichtung der SPD f\u00fcr die anstehenden Wahlk\u00e4mpfe. Er machte deutlich, dass die SPD Oberhausen als gestaltende Kraft des Strukturwandels auch weiterhin notwendige Entscheidungen f\u00fcr und mit den Oberhausener B\u00fcrgerinnen und B\u00fcrgern treffen werde.<!--more--><\/p>\n<p>Kritisiert wurde die von der schwarz-gelben Landesregierung geplante Zusammenlegung von Europa- und Kommunalwahl 2009. Wenn die Kommunalwahlen vorverlegt werden, w\u00fcrden R\u00e4te, Oberb\u00fcrgermeisterInnen und B\u00fcrgermeisterInnen sowie Landr\u00e4te zwar im Juni gew\u00e4hlt, ihre Amtszeit w\u00fcrde aber erst im Herbst beginnen, weil die alten Gremien und AmtsinhaberInnen solange im Amt blieben. Es sei zu bef\u00fcrchten, dass die Kommunalwahlen an Bedeutung in der \u00d6ffentlichkeit verliert, wenn knapp vier Monate zwischen Wahl und Amtsantritt liegen. Nur die B\u00fcndelung von Kommunal- und Bundestagswahl schaffe hohe Wahlbeteiligung.<\/p>\n<p>&#8222;Je mehr B\u00fcrgerinnen und B\u00fcrger zur Wahl gehen, desto besser. Denn je h\u00f6her die Wahlbeteiligung ist, desto st\u00e4rker ist die demokratische Legitimation der gew\u00e4hlten Mandatstr\u00e4gerinnen und Mandatstr\u00e4ger. Das muss das Ziel aller Demokraten sein, wenn es um die Zusammenlegung von Wahlterminen im kommenden Jahr geht&#8220;, erkl\u00e4rte Karsten Bron, Vorsitzender des Unterbezirksausschusses. Mit der h\u00f6chsten Wahlbeteiligung auf kommunaler Ebene sei zu rechnen, wenn Bundestags- und Kommunalwahl zusammengelegt w\u00fcrden.<\/p>\n<p>Die Delegierten aus den SPD-Ortsvereinen im Stadtgebiet best\u00e4tigten Karsten Bron (Orstverein Sterkrade-S\u00fcd) f\u00fcr weitere zwei Jahre als Vorsitzenden. Als stellvertretende Vorsitzende wurde Annette Wei\u00df (Ortsverein Osterfeld) gew\u00e4hlt. Als Schriftf\u00fchrerin fungiert Gabi Hopff (Ortsverein Oberhausen-Mitte). Karsten Bron ist somit auch beratendes Mitglied im Parteivorstand der Oberhausener SPD.<\/p>\n","protected":false},"excerpt":{"rendered":"<p>Der Unterbezirksausschuss der SPD-Oberhausen hat in seiner letzten Sitzung \u00fcber grunds\u00e4tzliche politische Fragen und die Vorbereitung der diesj\u00e4hrigen Jahreshauptversammlung (UB-Parteitag) der Oberhausener SPD beraten. R\u00fcckblickend verwies der Vorsitzende Karsten Bron&hellip; <\/p>\n","protected":false},"author":1,"featured_media":0,"comment_status":"closed","ping_status":"closed","sticky":false,"template":"","format":"standard","meta":{"footnotes":""},"categories":[1],"tags":[],"quellen":[],"class_list":["post-629","post","type-post","status-publish","format-standard","hentry","category-allgemein"],"_links":{"self":[{"href":"https:\/\/meier-gerdingh.de\/wp-spd-ob\/wp-json\/wp\/v2\/posts\/629","targetHints":{"allow":["GET"]}}],"collection":[{"href":"https:\/\/meier-gerdingh.de\/wp-spd-ob\/wp-json\/wp\/v2\/posts"}],"about":[{"href":"https:\/\/meier-gerdingh.de\/wp-spd-ob\/wp-json\/wp\/v2\/types\/post"}],"author":[{"embeddable":true,"href":"https:\/\/meier-gerdingh.de\/wp-spd-ob\/wp-json\/wp\/v2\/users\/1"}],"replies":[{"embeddable":true,"href":"https:\/\/meier-gerdingh.de\/wp-spd-ob\/wp-json\/wp\/v2\/comments?post=629"}],"version-history":[{"count":0,"href":"https:\/\/meier-gerdingh.de\/wp-spd-ob\/wp-json\/wp\/v2\/posts\/629\/revisions"}],"wp:attachment":[{"href":"https:\/\/meier-gerdingh.de\/wp-spd-ob\/wp-json\/wp\/v2\/media?parent=629"}],"wp:term":[{"taxonomy":"category","embeddable":true,"href":"https:\/\/meier-gerdingh.de\/wp-spd-ob\/wp-json\/wp\/v2\/categories?post=629"},{"taxonomy":"post_tag","embeddable":true,"href":"https:\/\/meier-gerdingh.de\/wp-spd-ob\/wp-json\/wp\/v2\/tags?post=629"},{"taxonomy":"quellen","embeddable":true,"href":"https:\/\/meier-gerdingh.de\/wp-spd-ob\/wp-json\/wp\/v2\/quellen?post=629"}],"curies":[{"name":"wp","href":"https:\/\/api.w.org\/{rel}","templated":true}]}}