{"id":63,"date":"2001-01-17T17:00:00","date_gmt":"2001-01-17T15:00:00","guid":{"rendered":"http:\/\/www.meier-gerdingh.de\/spd-oberhausen\/wp\/?p=63"},"modified":"2017-05-02T17:24:05","modified_gmt":"2017-05-02T15:24:05","slug":"spd-sportpolitiker-haken-nach","status":"publish","type":"post","link":"https:\/\/meier-gerdingh.de\/wp-spd-ob\/2001\/01\/17\/spd-sportpolitiker-haken-nach\/","title":{"rendered":"SPD-Sportpolitiker haken nach"},"content":{"rendered":"<div style=\"width: 130px\" class=\"wp-caption alignleft\"><a href=\"http:\/\/meier-gerdingh.de\/wp-spd-ob\/wp-content\/uploads\/hallenbad_sterkrade.jpg\"><img decoding=\"async\" class=\"size-full\" src=\"http:\/\/meier-gerdingh.de\/wp-spd-ob\/wp-content\/uploads\/hallenbad_sterkrade.jpg\" alt=\"Hallenbad Sterkrade\" width=\"120\" height=\"95\" \/><\/a><p class=\"wp-caption-text\">Hallenbad Sterkrade<\/p><\/div>\n<p>Ende Februar soll das Sterkrader Hallenbad wieder ge\u00f6ffnet werden. Das erkl\u00e4rten die f\u00fcr den B\u00e4derbetrieb in Oberhausen verantwortlichen Mitarbeiter der WBO auf der gestrigen Sitzung des Arbeitskreises Sport der SPD. Grund f\u00fcr die Schlie\u00dfung sei die Beseitigung von erst k\u00fcrzlich entdeckten Restsch\u00e4den, die der Gro\u00dfbrand vom letzten Jahr verursacht hat.<!--more--><\/p>\n<p>Auf Einladung von AK-Leiter Josef Loege standen die WBO-Verantwortlichen den SPD-Sportpolitikern auf ihrere ersten Sitzung im neuen Jahr speziell zum Punkt Reparaturarbeiten im Hallenbad Sterkrade Rede und Antwort.<\/p>\n<p>Aus der Berichterstattung der Fachleute ist festzuhalten, dass der Gro\u00dfbrand, der im vergangen Jahr das Geb\u00e4ude des Hallenbades Sterkrade in Mitleidenschaft gezogen hatte, weitere, bislang verborgene Sch\u00e4den speziell im Abwassersystem des Bades verursacht hat. Durch den Brand sind die teilweise in W\u00e4nden und B\u00f6den vorhandenen Leitungssysteme unvermutet in Mitleidenschaft gezogen worden.<\/p>\n<p>Diese Sch\u00e4den seien aber erst bei der \u00dcberpr\u00fcfung von aufgetretenen Undichtigkeiten im Abwassersystem nach und nach festgestellt worden. Wegen der notwendigen Arbeiten zur Beseitigung dieser Sch\u00e4den k\u00f6nne das Hallenbad voraussichtlich erst zum 28. Februar 2001 wieder ge\u00f6ffnet werden.<\/p>\n<p>Positiv hat der Arbeitskreis bei aller berechtigten Kritik an der Verz\u00f6gerung der Wiederer\u00f6ffnung zur Kenntnis genommen, dass Stadtverwaltung und WBO in einem gemeinsamen Abstimmungsprozess f\u00fcr Vereins- und Schulschwimmen auch w\u00e4hrend der Reparaturarbeiten ein Angebot gew\u00e4hrleisten k\u00f6nnen.<\/p>\n<p>Arbeitskreisleiter Josef Loege: &#8222;Bedauerlich ist, dass zu Beginn der Reparaturarbeiten der Schadensumfang nicht abschlie\u00dfend ermittelt werden konnte, um die B\u00fcrgerinnen und B\u00fcrger, Vereine und Schulen im vorhinein \u00fcber die Dauer der Schlie\u00dfung des Bades zu informieren. Zu dem jetzt genannten Termin erwarten wir, dass alle Brandfolgesch\u00e4den beseitigt und ein dauerhaft funktionst\u00fcchtiges Bad der \u00d6ffentlichkeit wieder \u00fcbergeben werden wird.&#8220;<\/p>\n","protected":false},"excerpt":{"rendered":"<p>Ende Februar soll das Sterkrader Hallenbad wieder ge\u00f6ffnet werden. Das erkl\u00e4rten die f\u00fcr den B\u00e4derbetrieb in Oberhausen verantwortlichen Mitarbeiter der WBO auf der gestrigen Sitzung des Arbeitskreises Sport der SPD.&hellip; <\/p>\n","protected":false},"author":1,"featured_media":0,"comment_status":"closed","ping_status":"closed","sticky":false,"template":"","format":"standard","meta":{"footnotes":""},"categories":[1],"tags":[],"quellen":[],"class_list":["post-63","post","type-post","status-publish","format-standard","hentry","category-allgemein"],"_links":{"self":[{"href":"https:\/\/meier-gerdingh.de\/wp-spd-ob\/wp-json\/wp\/v2\/posts\/63","targetHints":{"allow":["GET"]}}],"collection":[{"href":"https:\/\/meier-gerdingh.de\/wp-spd-ob\/wp-json\/wp\/v2\/posts"}],"about":[{"href":"https:\/\/meier-gerdingh.de\/wp-spd-ob\/wp-json\/wp\/v2\/types\/post"}],"author":[{"embeddable":true,"href":"https:\/\/meier-gerdingh.de\/wp-spd-ob\/wp-json\/wp\/v2\/users\/1"}],"replies":[{"embeddable":true,"href":"https:\/\/meier-gerdingh.de\/wp-spd-ob\/wp-json\/wp\/v2\/comments?post=63"}],"version-history":[{"count":0,"href":"https:\/\/meier-gerdingh.de\/wp-spd-ob\/wp-json\/wp\/v2\/posts\/63\/revisions"}],"wp:attachment":[{"href":"https:\/\/meier-gerdingh.de\/wp-spd-ob\/wp-json\/wp\/v2\/media?parent=63"}],"wp:term":[{"taxonomy":"category","embeddable":true,"href":"https:\/\/meier-gerdingh.de\/wp-spd-ob\/wp-json\/wp\/v2\/categories?post=63"},{"taxonomy":"post_tag","embeddable":true,"href":"https:\/\/meier-gerdingh.de\/wp-spd-ob\/wp-json\/wp\/v2\/tags?post=63"},{"taxonomy":"quellen","embeddable":true,"href":"https:\/\/meier-gerdingh.de\/wp-spd-ob\/wp-json\/wp\/v2\/quellen?post=63"}],"curies":[{"name":"wp","href":"https:\/\/api.w.org\/{rel}","templated":true}]}}