{"id":630,"date":"2008-04-18T16:00:00","date_gmt":"2008-04-18T14:00:00","guid":{"rendered":"http:\/\/www.meier-gerdingh.de\/spd-oberhausen\/wp\/?p=630"},"modified":"2017-05-14T15:03:12","modified_gmt":"2017-05-14T13:03:12","slug":"verbesserung-der-sauberkeit-in-oberhausen-bleibt-wichtiges-thema-der-kommunalpolitik","status":"publish","type":"post","link":"https:\/\/meier-gerdingh.de\/wp-spd-ob\/2008\/04\/18\/verbesserung-der-sauberkeit-in-oberhausen-bleibt-wichtiges-thema-der-kommunalpolitik\/","title":{"rendered":"Verbesserung der Sauberkeit in Oberhausen bleibt wichtiges Thema der Kommunalpolitik"},"content":{"rendered":"<div style=\"width: 150px\" class=\"wp-caption alignleft\"><a href=\"http:\/\/meier-gerdingh.de\/wp-spd-ob\/wp-content\/uploads\/janssen_anne.jpg\"><img decoding=\"async\" class=\"size-full\" src=\"http:\/\/meier-gerdingh.de\/wp-spd-ob\/wp-content\/uploads\/janssen_anne.jpg\" alt=\"Anne Jan\u00dfen ist stellvertretende Vorsitzende der SPD-Fraktion und Vorsitzende des Umweltausschusses der Stadt Oberhausen\" width=\"140\" height=\"191\" \/><\/a><p class=\"wp-caption-text\">Anne Jan\u00dfen ist stellvertretende Vorsitzende der SPD-Fraktion und Vorsitzende des Umweltausschusses der Stadt Oberhausen<\/p><\/div>\n<p>&#8222;Die weitere Verbesserung der Sauberkeit im Oberhausener Stadtbild bleibt auch in den kommenden Jahren ein wichtiger Schwerpunkt unserer kommunalpolitischen Arbeit.&#8220; Dies bekr\u00e4ftigte die stellvertretende Vorsitzende der SPD-Ratsfraktion und Vorsitzende des Umweltausschusses Anne Jan\u00dfen anl\u00e4sslich der Vorstellung der j\u00fcngsten SPD-Initiative zum Thema &#8222;Sauberkeit&#8220;, mit der sich der Umweltausschuss in der n\u00e4chsten Woche besch\u00e4ftigen wird.<!--more--><\/p>\n<p>Anhand eines umfangreichen Fragenkatalogs soll die Verwaltung demnach bereits im Juni eine detaillierte Bestandsaufnahme der gegenw\u00e4rtigen Situation vorlegen. Darauf aufbauend wollen die Sozialdemokraten dann rasch zus\u00e4tzliche Aktivit\u00e4ten in diesem Bereich anregen und umsetzen lassen.<\/p>\n<p>Seit der Gro\u00dfen Anfrage der SPD-Fraktion aus dem Jahr 2001, erl\u00e4utert Anne Jan\u00dfen, sei die Verbesserung der Sauberkeit regelm\u00e4\u00dfig Thema im Umweltausschuss gewesen. Und die sich aus der damaligen Anfrage ergebenden Ma\u00dfnahmen konnten mittlerweile zum gr\u00f6\u00dften Teil erfolgreich abgearbeitet werden.<\/p>\n<p>Dennoch gebe es nach wie vor Handlungsbedarf, gerade auch angesichts der deutlich ver\u00e4nderten Entsorgungssituation in Oberhausen. Anne Jan\u00dfen erinnert dabei z. B. an die fl\u00e4chendeckende Einf\u00fchrung der &#8222;Blauen Tonne&#8220; f\u00fcr Altpapier und die damit einhergehende Reduzierung von Altpapier- und Glascontainerstandorten. Nicht zuletzt m\u00fcsse auf die Folgen ge\u00e4nderter Rauchgewohnheiten aufgrund des Nichtraucherschutzgesetzes f\u00fcr das Erscheinungsbild des \u00f6ffentlichen Raums reagiert werden.<\/p>\n<p>&#8222;Wir wissen, dass den B\u00fcrgerinnen und B\u00fcrgern ein m\u00f6glichst sauberes Erscheinungsbild ihrer Stadt wichtig ist. Deshalb bleibt das Thema auch in Zukunft weit oben auf der kommunalpolitischen Tagesordnung&#8220;, so Anne Jan\u00dfen abschlie\u00dfend.<\/p>\n","protected":false},"excerpt":{"rendered":"<p>&#8222;Die weitere Verbesserung der Sauberkeit im Oberhausener Stadtbild bleibt auch in den kommenden Jahren ein wichtiger Schwerpunkt unserer kommunalpolitischen Arbeit.&#8220; Dies bekr\u00e4ftigte die stellvertretende Vorsitzende der SPD-Ratsfraktion und Vorsitzende des&hellip; <\/p>\n","protected":false},"author":1,"featured_media":0,"comment_status":"closed","ping_status":"closed","sticky":false,"template":"","format":"standard","meta":{"footnotes":""},"categories":[1],"tags":[],"quellen":[],"class_list":["post-630","post","type-post","status-publish","format-standard","hentry","category-allgemein"],"_links":{"self":[{"href":"https:\/\/meier-gerdingh.de\/wp-spd-ob\/wp-json\/wp\/v2\/posts\/630","targetHints":{"allow":["GET"]}}],"collection":[{"href":"https:\/\/meier-gerdingh.de\/wp-spd-ob\/wp-json\/wp\/v2\/posts"}],"about":[{"href":"https:\/\/meier-gerdingh.de\/wp-spd-ob\/wp-json\/wp\/v2\/types\/post"}],"author":[{"embeddable":true,"href":"https:\/\/meier-gerdingh.de\/wp-spd-ob\/wp-json\/wp\/v2\/users\/1"}],"replies":[{"embeddable":true,"href":"https:\/\/meier-gerdingh.de\/wp-spd-ob\/wp-json\/wp\/v2\/comments?post=630"}],"version-history":[{"count":0,"href":"https:\/\/meier-gerdingh.de\/wp-spd-ob\/wp-json\/wp\/v2\/posts\/630\/revisions"}],"wp:attachment":[{"href":"https:\/\/meier-gerdingh.de\/wp-spd-ob\/wp-json\/wp\/v2\/media?parent=630"}],"wp:term":[{"taxonomy":"category","embeddable":true,"href":"https:\/\/meier-gerdingh.de\/wp-spd-ob\/wp-json\/wp\/v2\/categories?post=630"},{"taxonomy":"post_tag","embeddable":true,"href":"https:\/\/meier-gerdingh.de\/wp-spd-ob\/wp-json\/wp\/v2\/tags?post=630"},{"taxonomy":"quellen","embeddable":true,"href":"https:\/\/meier-gerdingh.de\/wp-spd-ob\/wp-json\/wp\/v2\/quellen?post=630"}],"curies":[{"name":"wp","href":"https:\/\/api.w.org\/{rel}","templated":true}]}}