{"id":6301,"date":"2019-05-10T18:36:16","date_gmt":"2019-05-10T16:36:16","guid":{"rendered":"https:\/\/meier-gerdingh.de\/wp-spd-ob\/?p=6301"},"modified":"2019-05-10T19:35:27","modified_gmt":"2019-05-10T17:35:27","slug":"spd-fordert-aufklaerung-in-sachen-ruhrkonferenz","status":"publish","type":"post","link":"https:\/\/meier-gerdingh.de\/wp-spd-ob\/2019\/05\/10\/spd-fordert-aufklaerung-in-sachen-ruhrkonferenz\/","title":{"rendered":"SPD fordert Aufkl\u00e4rung in Sachen Ruhrkonferenz"},"content":{"rendered":"<div id=\"attachment_1410\" style=\"width: 150px\" class=\"wp-caption alignleft\"><a href=\"https:\/\/meier-gerdingh.de\/wp-spd-ob\/wp-content\/uploads\/grosse_broemer_wolfgang_14.jpg\"><img aria-describedby=\"caption-attachment-1410\" decoding=\"async\" class=\"size-full wp-image-1410\" src=\"https:\/\/meier-gerdingh.de\/wp-spd-ob\/wp-content\/uploads\/grosse_broemer_wolfgang_14.jpg\" alt=\"\" width=\"140\" height=\"169\" \/><\/a><p id=\"caption-attachment-1410\" class=\"wp-caption-text\">Wolfgang Gro\u00dfe Br\u00f6mer ist Vorsitzender der SPD-Ratsfraktion<\/p><\/div>\n<p>Die Ruhrkonferenz steht am Montag auf Antrag der SPD-Fraktion im Hauptausschuss auf der Tagesordnung. Die Sozialdemokraten wollen von Oberb\u00fcrgermeister Daniel Schranz wissen, warum das Thema in Oberhausen offensichtlich nur z\u00f6gerlich angegangen wird. In der Lokalpresse ist der zust\u00e4ndige Strategiedezernent Ralf G\u00fcldenzopf zum Thema F\u00f6rdermanagement so zitiert worden, dass er nicht viel davon halte, um m\u00f6glichst viele F\u00f6rdert\u00f6pfe zu buhlen. Er wolle sich eher um Projekte &#8222;mit Erfolgsaussicht&#8220; bem\u00fchen.<!--more--><\/p>\n<p>&#8222;Es w\u00e4re f\u00fcr den Rat wissenswert, warum der Strategiedezernent die Erfolgsaussichten f\u00fcr Projekte im Rahmen der Ruhrkonferenz so viel anders beurteilt, als seine Kollegen etwa in Gelsenkirchen oder Dortmund dies tun&#8220;, erkl\u00e4rt SPD-Fraktionschef Wolfgang Gro\u00dfe Br\u00f6mer. In den beiden Kommunen sind Projektlisten bereits durch den Rat verabschiedet worden oder zumindest in der politischen Diskussion.<\/p>\n<p>Au\u00dferdem, so Gro\u00dfe Br\u00f6mer weiter, sei es von Interesse zu erfahren, ob sich der Oberb\u00fcrgermeister dem Urteil seines Strategiedezernenten anschlie\u00dft oder zu einem anderen Schluss kommt.<\/p>\n<p>Au\u00dferdem m\u00f6chte die SPD-Fraktion wissen, ob die Verwaltung angesichts der Bem\u00fchungen anderer Kommunen in Sachen Ruhrkonferenz ihre passive Haltung zu korrigieren gedenkt. Sollte dies der Fall sein, wollen die Sozialdemokraten mehr \u00fcber den Zeitplan erfahren \u2013 so dieser bereits erstellt oder zumindest angedacht worden ist.<\/p>\n","protected":false},"excerpt":{"rendered":"<p>Die Ruhrkonferenz steht am Montag auf Antrag der SPD-Fraktion im Hauptausschuss auf der Tagesordnung. Die Sozialdemokraten wollen von Oberb\u00fcrgermeister Daniel Schranz wissen, warum das Thema in Oberhausen offensichtlich nur z\u00f6gerlich&hellip; <\/p>\n","protected":false},"author":1,"featured_media":0,"comment_status":"closed","ping_status":"closed","sticky":false,"template":"","format":"standard","meta":{"footnotes":""},"categories":[16],"tags":[1921,1100,1306,1524,50],"quellen":[326],"class_list":["post-6301","post","type-post","status-publish","format-standard","hentry","category-stadtentwicklung","tag-foerdertoepfe","tag-hauptausschuss","tag-ruhrgebiet","tag-ruhrkonferenz","tag-strukturwandel","quellen-spd-fraktion-oberhausen"],"_links":{"self":[{"href":"https:\/\/meier-gerdingh.de\/wp-spd-ob\/wp-json\/wp\/v2\/posts\/6301","targetHints":{"allow":["GET"]}}],"collection":[{"href":"https:\/\/meier-gerdingh.de\/wp-spd-ob\/wp-json\/wp\/v2\/posts"}],"about":[{"href":"https:\/\/meier-gerdingh.de\/wp-spd-ob\/wp-json\/wp\/v2\/types\/post"}],"author":[{"embeddable":true,"href":"https:\/\/meier-gerdingh.de\/wp-spd-ob\/wp-json\/wp\/v2\/users\/1"}],"replies":[{"embeddable":true,"href":"https:\/\/meier-gerdingh.de\/wp-spd-ob\/wp-json\/wp\/v2\/comments?post=6301"}],"version-history":[{"count":0,"href":"https:\/\/meier-gerdingh.de\/wp-spd-ob\/wp-json\/wp\/v2\/posts\/6301\/revisions"}],"wp:attachment":[{"href":"https:\/\/meier-gerdingh.de\/wp-spd-ob\/wp-json\/wp\/v2\/media?parent=6301"}],"wp:term":[{"taxonomy":"category","embeddable":true,"href":"https:\/\/meier-gerdingh.de\/wp-spd-ob\/wp-json\/wp\/v2\/categories?post=6301"},{"taxonomy":"post_tag","embeddable":true,"href":"https:\/\/meier-gerdingh.de\/wp-spd-ob\/wp-json\/wp\/v2\/tags?post=6301"},{"taxonomy":"quellen","embeddable":true,"href":"https:\/\/meier-gerdingh.de\/wp-spd-ob\/wp-json\/wp\/v2\/quellen?post=6301"}],"curies":[{"name":"wp","href":"https:\/\/api.w.org\/{rel}","templated":true}]}}