{"id":6320,"date":"2019-05-15T12:17:57","date_gmt":"2019-05-15T10:17:57","guid":{"rendered":"https:\/\/meier-gerdingh.de\/wp-spd-ob\/?p=6320"},"modified":"2019-05-15T12:26:11","modified_gmt":"2019-05-15T10:26:11","slug":"katarina-barley-und-martin-schulz-in-oberhausen","status":"publish","type":"post","link":"https:\/\/meier-gerdingh.de\/wp-spd-ob\/2019\/05\/15\/katarina-barley-und-martin-schulz-in-oberhausen\/","title":{"rendered":"Katarina Barley und Martin Schulz in Oberhausen"},"content":{"rendered":"<script type=\"text\/javascript\">jQuery(function() { _initLayerSlider( '#layerslider_5_1snec0if1jryi', {createdWith: '6.8.2', sliderVersion: '6.8.4', allowFullscreen: true, pauseOnHover: 'enabled', skin: 'v6', sliderFadeInDuration: 350, navPrevNext: false, hoverPrevNext: false, navStartStop: false, navButtons: false, useSrcset: true, skinsPath: 'https:\/\/meier-gerdingh.de\/wp-spd-ob\/wp-content\/plugins\/LayerSlider\/assets\/static\/layerslider\/skins\/', performanceMode: true}); });<\/script><div id=\"layerslider_5_1snec0if1jryi\"  class=\"ls-wp-container fitvidsignore ls-selectable\" style=\"width:720px;height:480px;margin:0 auto;margin-bottom: 0px;\"><div class=\"ls-slide\" data-ls=\"duration:2000;transition2d:5;transitionduration:2000;\"><img width=\"720\" height=\"480\" src=\"https:\/\/meier-gerdingh.de\/wp-spd-ob\/wp-content\/uploads\/2019\/05\/banner-barley-layerslider.jpg\" class=\"ls-bg\" alt=\"\" srcset=\"https:\/\/meier-gerdingh.de\/wp-spd-ob\/wp-content\/uploads\/2019\/05\/banner-barley-layerslider.jpg 720w, https:\/\/meier-gerdingh.de\/wp-spd-ob\/wp-content\/uploads\/2019\/05\/banner-barley-layerslider-300x200.jpg 300w\" sizes=\"(max-width: 720px) 100vw, 720px\" \/><\/div><div class=\"ls-slide\" data-ls=\"duration:2000;transition2d:5;transitionduration:2000;\"><img width=\"720\" height=\"480\" src=\"https:\/\/meier-gerdingh.de\/wp-spd-ob\/wp-content\/uploads\/2019\/05\/banner-schulz-layerslider.jpg\" class=\"ls-bg\" alt=\"\" srcset=\"https:\/\/meier-gerdingh.de\/wp-spd-ob\/wp-content\/uploads\/2019\/05\/banner-schulz-layerslider.jpg 720w, https:\/\/meier-gerdingh.de\/wp-spd-ob\/wp-content\/uploads\/2019\/05\/banner-schulz-layerslider-300x200.jpg 300w\" sizes=\"(max-width: 720px) 100vw, 720px\" \/><\/div><\/div>\n<p style=\"margin-top: 24px !important;\">Die Europawahl am 26. Mai n\u00e4hert sich mit Riesenschritten. Wenige Tage vor dem Urnengang erh\u00e4lt die Oberhausener SPD prominente Unterst\u00fctzung in der ganz hei\u00dfen Wahlkampfphase: Katarina Barley, Spitzenkandidatin der SPD f\u00fcr die Europawahl, und Martin Schulz, langj\u00e4hriger Pr\u00e4sident des Europ\u00e4ischen Parlaments, kommen nach Oberhausen.<\/p>\n<p><!--more--><\/p>\n<h3 class=\"spd-ob-module-headline spd-ob-ew-headline\">Katarina Barley im Caf\u00e9 Klatsch<\/h3>\n<p>Wir freuen uns auf den Besuch von Justizministerin Katarina Barley. Unter dem Motto \u201eAuf eine Tasse Kaffee mit der SPD\u201c laden wir alle interessierten B\u00fcrgerinnen und B\u00fcrger zu einem B\u00fcrger-Caf\u00e9 mit der SPD-Spitzenkandidatin f\u00fcr die Europawahl ein.<\/p>\n<div class=\"spd-ob-ew-termin\">Mittwoch, 22. Mai 2019<br \/>\n14.15 bis 15.15 Uhr<\/div>\n<h3 class=\"spd-ob-module-headline spd-ob-ew-ablauf\">Geplanter Ablauf:<\/h3>\n<div class=\"spd-ob-ew-row\">\n<div class=\"spd-ob-ew-column spd-ob-ew-left spd-ob-ew-time\">14.15 Uhr<\/div>\n<div class=\"spd-ob-ew-column spd-ob-ew-right\">Begr\u00fc\u00dfung: <strong>Dirk V\u00f6pel MdB<\/strong>, UB-Vorsitzender<\/div>\n<\/div>\n<div class=\"spd-ob-ew-row\">\n<div class=\"spd-ob-ew-column spd-ob-ew-left spd-ob-ew-time\">14.20 Uhr<\/div>\n<div class=\"spd-ob-ew-column spd-ob-ew-right\">&#8222;Europa ist die Antwort&#8220;: Rede von <strong>Katarina Barley<\/strong><\/div>\n<\/div>\n<div class=\"spd-ob-ew-row\">\n<div class=\"spd-ob-ew-column spd-ob-ew-left spd-ob-ew-time\">14.30 Uhr<\/div>\n<div class=\"spd-ob-ew-column spd-ob-ew-right\"><strong>Offene B\u00fcrgerdiskussion<\/strong> mit Katarina Barley<\/div>\n<\/div>\n<div class=\"spd-ob-ew-row\">\n<div class=\"spd-ob-ew-column spd-ob-ew-left spd-ob-ew-time\">15.10 Uhr<\/div>\n<div class=\"spd-ob-ew-column spd-ob-ew-right\">Schlusswort: <strong>Dr. J\u00f6rg Schr\u00f6er<\/strong>, Stellv. UB-Vorsitzender<\/div>\n<\/div>\n<h3 class=\"spd-ob-module-headline spd-ob-ew-headline\">Martin Schulz in der Lichtburg<\/h3>\n<p>Der langj\u00e4hrige Pr\u00e4sident des Europaparlaments und ehemalige SPD-Vorsitzende Martin Schulz kommt in der hei\u00dfen Phase des Europawahlkampfes nach Oberhausen. Wir laden hiermit herzlich ein zu einer Veranstaltung mit dem \u201eMister Europa\u201c der SPD.<\/p>\n<div class=\"spd-ob-ew-termin\">Donnerstag, 23. Mai 2019<br \/>\n11.30 bis 12.30 Uhr<\/div>\n<h3 class=\"spd-ob-module-headline spd-ob-ew-ablauf\">Geplanter Ablauf:<\/h3>\n<div class=\"spd-ob-ew-row\">\n<div class=\"spd-ob-ew-column spd-ob-ew-left spd-ob-ew-time\">11.00 Uhr<\/div>\n<div class=\"spd-ob-ew-column spd-ob-ew-right\">Einlass<\/div>\n<\/div>\n<div class=\"spd-ob-ew-row\">\n<div class=\"spd-ob-ew-column spd-ob-ew-left spd-ob-ew-time\">11.30 Uhr<\/div>\n<div class=\"spd-ob-ew-column spd-ob-ew-right\">Begr\u00fc\u00dfung: <strong>Dirk V\u00f6pel MdB<\/strong>, UB-Vorsitzender<\/div>\n<\/div>\n<div class=\"spd-ob-ew-row\">\n<div class=\"spd-ob-ew-column spd-ob-ew-left spd-ob-ew-time\">11.35 Uhr<\/div>\n<div class=\"spd-ob-ew-column spd-ob-ew-right\">Rede von <strong>Martin Schulz<\/strong><\/div>\n<\/div>\n<div class=\"spd-ob-ew-row\">\n<div class=\"spd-ob-ew-column spd-ob-ew-left spd-ob-ew-time\">12.00 Uhr<\/div>\n<div class=\"spd-ob-ew-column spd-ob-ew-right\">Diskussion<\/div>\n<\/div>\n<div class=\"spd-ob-ew-row\">\n<div class=\"spd-ob-ew-column spd-ob-ew-left spd-ob-ew-time\">12.25 Uhr<\/div>\n<div class=\"spd-ob-ew-column spd-ob-ew-right\">Schlusswort: <strong>Sonja Bongers MdL<\/strong>, Stellv. UB-Vorsitzende<\/div>\n<\/div>\n<h3 class=\"spd-ob-module-headline spd-ob-ew-ablauf\">Anmeldung erbeten:<\/h3>\n<div class=\"spd-ob-ew-row\">\n<p>    F\u00fcr die Veranstaltung in der Lichtburg ist aus organisatorischen Gr\u00fcnden eine <strong>kurze Anmeldung erforderlich<\/strong>. Bitte schicken Sie uns eine E-Mail, rufen Sie uns an oder kommen Sie einfach in unserer Gesch\u00e4ftsstelle vorbei:<\/p>\n<div style=\"text-align: center;\">\n<p>        <a href=\"mailto:info@spd-oberhausen.de\">info@spd-oberhausen.de<\/a><\/p>\n<p><a href=\"tel:004920823334\" title=\"Anruf starten\">(0208) 2 33 34<\/a><\/p>\n<p><a href=\"https:\/\/www.google.com\/maps\/place\/Schwartzstra%C3%9Fe+52,+46045+Oberhausen\/@51.4735744,6.8550803,17z\/data=!3m1!4b1!4m5!3m4!1s0x47b8c02e0dcc9f09:0xba3abc7dedf34094!8m2!3d51.4735711!4d6.857269\">SPD-Parteib\u00fcro<br \/>\nSchwartstra\u00dfe 52<br \/>\n46045 Oberhausen<\/a><\/p>\n<\/div>\n<\/div>\n<p style=\"margin-top: 24px !important;\"><a title=\"pdf-Download | \u00d6ffnet neues Fenster oder neuen Tab\" href=\"https:\/\/meier-gerdingh.de\/wp-spd-ob\/wp-content\/uploads\/2019\/05\/flyer-barley-schulz-in-ob.pdf\" target=\"_blank\" rel=\"noopener noreferrer\">Hier<\/a> k\u00f6nnen Sie den <a title=\"pdf-Download | \u00d6ffnet neues Fenster oder neuen Tab\" href=\"https:\/\/meier-gerdingh.de\/wp-spd-ob\/wp-content\/uploads\/2019\/05\/flyer-barley-schulz-in-ob.pdf\" target=\"_blank\" rel=\"noopener noreferrer\">Flyer<\/a> zu den beiden Veranstaltungen herunterladen (<strong>pdf-Datei, ca. 2,5 MB<\/strong>):<\/p>\n<div class=\"spd-ob-download-image spd-ob-download-vertpan spd-ob-download-pic\">\n    <a title=\"pdf-Download | \u00d6ffnet neues Fenster oder neuen Tab\" href=\"https:\/\/meier-gerdingh.de\/wp-spd-ob\/wp-content\/uploads\/2019\/05\/flyer-barley-schulz-in-ob.pdf\" target=\"_blank\" rel=\"noopener noreferrer\"><img decoding=\"async\" id=\"wp-image-6314\" class=\"aligncenter size-full wp-image-6314\" src=\"https:\/\/meier-gerdingh.de\/wp-spd-ob\/wp-content\/uploads\/2019\/05\/button-download-flyer-barley-schulz-in-ob-2019.jpg\" alt=\"\" width=\"400\" height=\"800\" srcset=\"https:\/\/meier-gerdingh.de\/wp-spd-ob\/wp-content\/uploads\/2019\/05\/button-download-flyer-barley-schulz-in-ob-2019.jpg 400w, https:\/\/meier-gerdingh.de\/wp-spd-ob\/wp-content\/uploads\/2019\/05\/button-download-flyer-barley-schulz-in-ob-2019-150x300.jpg 150w\" sizes=\"(max-width: 400px) 100vw, 400px\" \/><\/a><\/div>\n","protected":false},"excerpt":{"rendered":"<p>Die Europawahl am 26. Mai n\u00e4hert sich mit Riesenschritten. Wenige Tage vor dem Urnengang erh\u00e4lt die Oberhausener SPD prominente Unterst\u00fctzung in der ganz hei\u00dfen Wahlkampfphase: Katarina Barley, Spitzenkandidatin der SPD&hellip; <\/p>\n","protected":false},"author":1,"featured_media":0,"comment_status":"closed","ping_status":"closed","sticky":false,"template":"","format":"standard","meta":{"footnotes":""},"categories":[181,171],"tags":[1924,1889,1922,1923,1126],"quellen":[327],"class_list":["post-6320","post","type-post","status-publish","format-standard","hentry","category-europa","category-veranstaltungen","tag-cafe-klatsch","tag-europawahl-2019","tag-katarina-barley","tag-lichtburg-filmpalast","tag-martin-schulz","quellen-spd-unterbezirk-oberhausen"],"_links":{"self":[{"href":"https:\/\/meier-gerdingh.de\/wp-spd-ob\/wp-json\/wp\/v2\/posts\/6320","targetHints":{"allow":["GET"]}}],"collection":[{"href":"https:\/\/meier-gerdingh.de\/wp-spd-ob\/wp-json\/wp\/v2\/posts"}],"about":[{"href":"https:\/\/meier-gerdingh.de\/wp-spd-ob\/wp-json\/wp\/v2\/types\/post"}],"author":[{"embeddable":true,"href":"https:\/\/meier-gerdingh.de\/wp-spd-ob\/wp-json\/wp\/v2\/users\/1"}],"replies":[{"embeddable":true,"href":"https:\/\/meier-gerdingh.de\/wp-spd-ob\/wp-json\/wp\/v2\/comments?post=6320"}],"version-history":[{"count":0,"href":"https:\/\/meier-gerdingh.de\/wp-spd-ob\/wp-json\/wp\/v2\/posts\/6320\/revisions"}],"wp:attachment":[{"href":"https:\/\/meier-gerdingh.de\/wp-spd-ob\/wp-json\/wp\/v2\/media?parent=6320"}],"wp:term":[{"taxonomy":"category","embeddable":true,"href":"https:\/\/meier-gerdingh.de\/wp-spd-ob\/wp-json\/wp\/v2\/categories?post=6320"},{"taxonomy":"post_tag","embeddable":true,"href":"https:\/\/meier-gerdingh.de\/wp-spd-ob\/wp-json\/wp\/v2\/tags?post=6320"},{"taxonomy":"quellen","embeddable":true,"href":"https:\/\/meier-gerdingh.de\/wp-spd-ob\/wp-json\/wp\/v2\/quellen?post=6320"}],"curies":[{"name":"wp","href":"https:\/\/api.w.org\/{rel}","templated":true}]}}