{"id":6323,"date":"2019-05-16T09:27:13","date_gmt":"2019-05-16T07:27:13","guid":{"rendered":"https:\/\/meier-gerdingh.de\/wp-spd-ob\/?p=6323"},"modified":"2019-05-16T20:51:50","modified_gmt":"2019-05-16T18:51:50","slug":"spd-laedt-am-20-mai-zum-ub-parteitag-mit-achim-post-ein","status":"publish","type":"post","link":"https:\/\/meier-gerdingh.de\/wp-spd-ob\/2019\/05\/16\/spd-laedt-am-20-mai-zum-ub-parteitag-mit-achim-post-ein\/","title":{"rendered":"SPD l\u00e4dt am 20. Mai zum UB-Parteitag mit Achim Post ein"},"content":{"rendered":"<p><a href=\"https:\/\/meier-gerdingh.de\/wp-spd-ob\/wp-content\/uploads\/2019\/05\/banner-ub-parteitag-post-2019.jpg\"><img decoding=\"async\" class=\"aligncenter size-full wp-image-6325\" src=\"https:\/\/meier-gerdingh.de\/wp-spd-ob\/wp-content\/uploads\/2019\/05\/banner-ub-parteitag-post-2019.jpg\" alt=\"\" width=\"720\" height=\"480\" srcset=\"https:\/\/meier-gerdingh.de\/wp-spd-ob\/wp-content\/uploads\/2019\/05\/banner-ub-parteitag-post-2019.jpg 720w, https:\/\/meier-gerdingh.de\/wp-spd-ob\/wp-content\/uploads\/2019\/05\/banner-ub-parteitag-post-2019-300x200.jpg 300w\" sizes=\"(max-width: 720px) 100vw, 720px\" \/><\/a>Wenige Tage vor der Europawahl l\u00e4dt die Oberhausener SPD zu einem Unterbezirksparteitag mit dem Schwerpunkt &#8222;Europa&#8220; ein. Dieser findet statt am Montag, 20. Mai 2019, ab 17.00 Uhr, in der Gastst\u00e4tte &#8222;Haus Union&#8220;, Schenkendorfstra\u00dfe 13. Wir freuen uns, mit dem Bundestagsabgeordneten Achim Post einen ausgewiesenen Europaexperten als Gastredner begr\u00fc\u00dfen zu k\u00f6nnen. Achim Post ist nicht nur einflussreicher Chef der NRW-Landesgruppe in der SPD-Bundestagsfraktion, sondern als Generalsekret\u00e4r der Sozialdemokratischen Partei Europas vor allem ein leidenschaftlicher K\u00e4mpfer f\u00fcr die europ\u00e4ische Idee.<\/p>\n<p>Mit dem Parteitag startet die Oberhausener SPD in die hei\u00dfe Schlusswoche des Europawahlkampfes: Am Mittwoch erwarten wir die SPD-Spitzenkandidatin <a href=\"https:\/\/meier-gerdingh.de\/wp-spd-ob\/katarina-barley-und-martin-schulz-in-oberhausen\/#barley-in-ob\">Katarina Barley zu einem B\u00fcrgercaf\u00e9 im Caf\u00e9 Klatsch<\/a>. Am Donnerstag kommt der ehemalige Pr\u00e4sident des Europ\u00e4ischen Parlaments <a href=\"https:\/\/meier-gerdingh.de\/wp-spd-ob\/katarina-barley-und-martin-schulz-in-oberhausen\/#schulz-in-ob\">Martin Schulz in den Lichtburg Filmpalast<\/a>.<\/p>\n<div class=\"spd-ob-agenda\">\n<h4>UB-Parteitag<br \/>\nMO&nbsp;&nbsp;|&nbsp;&nbsp;20.05.2019&nbsp;&nbsp;|&nbsp;&nbsp;17.00 Uhr<\/h4>\n<h3>Vorl\u00e4ufige Tagesordnung<\/h3>\n<ol>\n<li>Er\u00f6ffnung des UB-Parteitages<\/li>\n<li>Konstituierung:\n<ol>\n<li>Annahme einer Tagesordnung<\/li>\n<li>Annahme einer Gesch\u00e4ftsordnung<\/li>\n<li>Wahl einer Versammlungsleitung<\/li>\n<li>Wahl einer Mandatspr\u00fcfungskommission<\/li>\n<li>Wahl einer Antragskommission<\/li>\n<\/ol>\n<\/li>\n<li>Genehmigung der Niederschrift des Unterbezirksparteitages vom 12.11.2018<\/li>\n<li>\n<div class=\"spd-ob-main-item\">\n<h3>&#8222;Europa ist die Antwort!&#8220;<\/h3>\n<p>Referent: <strong>Achim Post MdB<\/strong><br \/>\n<em>Generalsekret\u00e4r der Sozialdemokratischen Partei Europas und Vorsitzender der NRW-Landesgruppe in der SPD-Bundestagsfraktion<\/em><\/p>\n<\/div>\n<\/li>\n<li>Aussprache<\/li>\n<li>Bericht der Mandatspr\u00fcfungskommission<\/li>\n<li>Beratung von Antr\u00e4gen<\/li>\n<li>Abschluss des Unterbezirksparteitages<\/li>\n<\/ol>\n<\/div>\n","protected":false},"excerpt":{"rendered":"<p>Wenige Tage vor der Europawahl l\u00e4dt die Oberhausener SPD zu einem Unterbezirksparteitag mit dem Schwerpunkt &#8222;Europa&#8220; ein. Dieser findet statt am Montag, 20. Mai 2019, ab 17.00 Uhr, in der&hellip; <\/p>\n","protected":false},"author":1,"featured_media":0,"comment_status":"closed","ping_status":"closed","sticky":false,"template":"","format":"standard","meta":{"footnotes":""},"categories":[181,173],"tags":[1925,1889,73],"quellen":[327],"class_list":["post-6323","post","type-post","status-publish","format-standard","hentry","category-europa","category-parteileben","tag-achim-post","tag-europawahl-2019","tag-ub-parteitag","quellen-spd-unterbezirk-oberhausen"],"_links":{"self":[{"href":"https:\/\/meier-gerdingh.de\/wp-spd-ob\/wp-json\/wp\/v2\/posts\/6323","targetHints":{"allow":["GET"]}}],"collection":[{"href":"https:\/\/meier-gerdingh.de\/wp-spd-ob\/wp-json\/wp\/v2\/posts"}],"about":[{"href":"https:\/\/meier-gerdingh.de\/wp-spd-ob\/wp-json\/wp\/v2\/types\/post"}],"author":[{"embeddable":true,"href":"https:\/\/meier-gerdingh.de\/wp-spd-ob\/wp-json\/wp\/v2\/users\/1"}],"replies":[{"embeddable":true,"href":"https:\/\/meier-gerdingh.de\/wp-spd-ob\/wp-json\/wp\/v2\/comments?post=6323"}],"version-history":[{"count":0,"href":"https:\/\/meier-gerdingh.de\/wp-spd-ob\/wp-json\/wp\/v2\/posts\/6323\/revisions"}],"wp:attachment":[{"href":"https:\/\/meier-gerdingh.de\/wp-spd-ob\/wp-json\/wp\/v2\/media?parent=6323"}],"wp:term":[{"taxonomy":"category","embeddable":true,"href":"https:\/\/meier-gerdingh.de\/wp-spd-ob\/wp-json\/wp\/v2\/categories?post=6323"},{"taxonomy":"post_tag","embeddable":true,"href":"https:\/\/meier-gerdingh.de\/wp-spd-ob\/wp-json\/wp\/v2\/tags?post=6323"},{"taxonomy":"quellen","embeddable":true,"href":"https:\/\/meier-gerdingh.de\/wp-spd-ob\/wp-json\/wp\/v2\/quellen?post=6323"}],"curies":[{"name":"wp","href":"https:\/\/api.w.org\/{rel}","templated":true}]}}