{"id":6357,"date":"2019-05-21T09:39:47","date_gmt":"2019-05-21T07:39:47","guid":{"rendered":"https:\/\/meier-gerdingh.de\/wp-spd-ob\/?p=6357"},"modified":"2019-05-22T09:42:35","modified_gmt":"2019-05-22T07:42:35","slug":"aufbereitungsanlage-fuer-giftstoffe-im-gewerbepark-waldteich","status":"publish","type":"post","link":"https:\/\/meier-gerdingh.de\/wp-spd-ob\/2019\/05\/21\/aufbereitungsanlage-fuer-giftstoffe-im-gewerbepark-waldteich\/","title":{"rendered":"Aufbereitungsanlage f\u00fcr Giftstoffe im Gewerbepark Waldteich"},"content":{"rendered":"<div id=\"attachment_4242\" style=\"width: 150px\" class=\"wp-caption alignleft\"><a href=\"https:\/\/meier-gerdingh.de\/wp-spd-ob\/wp-content\/uploads\/2017\/05\/zimkeit_stefan_17.jpg\"><img aria-describedby=\"caption-attachment-4242\" decoding=\"async\" class=\"size-full wp-image-4242\" src=\"https:\/\/meier-gerdingh.de\/wp-spd-ob\/wp-content\/uploads\/2017\/05\/zimkeit_stefan_17.jpg\" alt=\"\" width=\"140\" height=\"192\" \/><\/a><p id=\"caption-attachment-4242\" class=\"wp-caption-text\">Stefan Zimkeit ist Landtagsabgeordneter f\u00fcr Oberhausen-Sterkrade und Dinslaken sowie haushalts- und finanzpolitischer Sprecher der SPD-Landtagsfraktion<\/p><\/div>\n<p>Stefan Zimkeit (SPD) weist in einer kleinen Anfrage an die Landesregierung auf die Probleme mit einer Aufarbeitungsanlage f\u00fcr Giftstoffe in Oberhausen hin. Denn Medienberichte \u00fcber eine solche Ansiedlung im Gewerbepark Waldteich w\u00fcrden bei Anwohnerinnen und Anwohner f\u00fcr Verunsicherung sorgen. &#8222;Ist der Landesregierung das beschriebene Ansiedlungsvorhaben im Bereich Waldteich bekannt?&#8220;, m\u00f6chte Sterkrades Landtagsabgeordneter wissen. Dar\u00fcber hinaus fragt Zimkeit, ob die NRW-Regierung diese Ansiedlung f\u00fcr notwendig halte, ob sie sie unterst\u00fctze und ob sie \u00fcberhaupt genehmigungsf\u00e4hig sei.<!--more--><\/p>\n<p>Hintergrund f\u00fcr die Anfrage ist auch die Tatsache, dass die Stadtspitze erkl\u00e4rte, sie sei f\u00fcr die Genehmigung nicht zust\u00e4ndig. Deshalb erwartet Zimkeit nun klare Antworten vom Land zum Stand des Verfahrens. &#8222;Es darf nicht sein, dass Stadt und Land hier die Verantwortung hin und her schieben&#8220;, sagt Stefan Zimkeit.<\/p>\n<p>&#8222;Es sollen dort Giftstoffe getrennt und zur Entsorgung vorbereitet werden&#8220;, beschreibt der Abgeordnete in der Anfrage die Aufbereitungsanlage. &#8222;In unmittelbarer Umgebung soll ein gro\u00dfer Logistikstandort, von dem Lebensmittel in weite Teile des Ruhrgebiets verteilt werden sollen, entstehen. Diese N\u00e4he ist f\u00fcr eine Aufbereitungsanlage f\u00fcr Giftstoffe \u00e4u\u00dferst kritisch.&#8220;<\/p>\n","protected":false},"excerpt":{"rendered":"<p>Stefan Zimkeit (SPD) weist in einer kleinen Anfrage an die Landesregierung auf die Probleme mit einer Aufarbeitungsanlage f\u00fcr Giftstoffe in Oberhausen hin. Denn Medienberichte \u00fcber eine solche Ansiedlung im Gewerbepark&hellip; <\/p>\n","protected":false},"author":1,"featured_media":0,"comment_status":"closed","ping_status":"closed","sticky":false,"template":"","format":"standard","meta":{"footnotes":""},"categories":[216,29],"tags":[1941,1905,1904,135,1907,1906],"quellen":[331],"class_list":["post-6357","post","type-post","status-publish","format-standard","hentry","category-land","category-umwelt","tag-aufbereitungsanlage-fuer-giftstoffe","tag-gewerbepark-waldteich","tag-gift-recycling","tag-kleine-anfrage","tag-logistikzentrum-edeka","tag-segro-logistik-park","quellen-mdl-stefan-zimkeit"],"_links":{"self":[{"href":"https:\/\/meier-gerdingh.de\/wp-spd-ob\/wp-json\/wp\/v2\/posts\/6357","targetHints":{"allow":["GET"]}}],"collection":[{"href":"https:\/\/meier-gerdingh.de\/wp-spd-ob\/wp-json\/wp\/v2\/posts"}],"about":[{"href":"https:\/\/meier-gerdingh.de\/wp-spd-ob\/wp-json\/wp\/v2\/types\/post"}],"author":[{"embeddable":true,"href":"https:\/\/meier-gerdingh.de\/wp-spd-ob\/wp-json\/wp\/v2\/users\/1"}],"replies":[{"embeddable":true,"href":"https:\/\/meier-gerdingh.de\/wp-spd-ob\/wp-json\/wp\/v2\/comments?post=6357"}],"version-history":[{"count":0,"href":"https:\/\/meier-gerdingh.de\/wp-spd-ob\/wp-json\/wp\/v2\/posts\/6357\/revisions"}],"wp:attachment":[{"href":"https:\/\/meier-gerdingh.de\/wp-spd-ob\/wp-json\/wp\/v2\/media?parent=6357"}],"wp:term":[{"taxonomy":"category","embeddable":true,"href":"https:\/\/meier-gerdingh.de\/wp-spd-ob\/wp-json\/wp\/v2\/categories?post=6357"},{"taxonomy":"post_tag","embeddable":true,"href":"https:\/\/meier-gerdingh.de\/wp-spd-ob\/wp-json\/wp\/v2\/tags?post=6357"},{"taxonomy":"quellen","embeddable":true,"href":"https:\/\/meier-gerdingh.de\/wp-spd-ob\/wp-json\/wp\/v2\/quellen?post=6357"}],"curies":[{"name":"wp","href":"https:\/\/api.w.org\/{rel}","templated":true}]}}