{"id":6377,"date":"2019-05-31T10:07:31","date_gmt":"2019-05-31T08:07:31","guid":{"rendered":"https:\/\/meier-gerdingh.de\/wp-spd-ob\/?p=6377"},"modified":"2019-06-10T10:15:28","modified_gmt":"2019-06-10T08:15:28","slug":"oberhausens-internationale-kinderakademie-im-landtag","status":"publish","type":"post","link":"https:\/\/meier-gerdingh.de\/wp-spd-ob\/2019\/05\/31\/oberhausens-internationale-kinderakademie-im-landtag\/","title":{"rendered":"Oberhausens Internationale KinderAkademie im Landtag"},"content":{"rendered":"<div id=\"attachment_6373\" style=\"width: 730px\" class=\"wp-caption aligncenter\"><a href=\"https:\/\/meier-gerdingh.de\/wp-spd-ob\/wp-content\/uploads\/2019\/06\/lt-besuch-kinderakademie-ob-lg.jpg\"><img aria-describedby=\"caption-attachment-6373\" decoding=\"async\" class=\"size-full wp-image-6373\" src=\"https:\/\/meier-gerdingh.de\/wp-spd-ob\/wp-content\/uploads\/2019\/06\/lt-besuch-kinderakademie-ob.jpg\" alt=\"\" width=\"720\" height=\"520\" srcset=\"https:\/\/meier-gerdingh.de\/wp-spd-ob\/wp-content\/uploads\/2019\/06\/lt-besuch-kinderakademie-ob.jpg 720w, https:\/\/meier-gerdingh.de\/wp-spd-ob\/wp-content\/uploads\/2019\/06\/lt-besuch-kinderakademie-ob-300x217.jpg 300w\" sizes=\"(max-width: 720px) 100vw, 720px\" \/><\/a><p id=\"caption-attachment-6373\" class=\"wp-caption-text\">Zu Besuch im Landtag von Nordrhein-Westfalen: Die Internationale KinderAkademie Oberhausen<\/p><\/div>\n<p>30 Oberhausener Kinder haben im Rahmen der Internationalen KinderAkademie den Landtag in D\u00fcsseldorf besucht. Nach einer Besichtigung des Parlaments haben sie sich mit den Abgeordneten Sonja Bongers und Stefan Zimkeit getroffen und viele Themen mitgebracht.<\/p>\n<p>&#8222;Wie sind Sie Politiker geworden?&#8220;, lautete die erst Frage. Sonja Bongers antwortete, dass sie Rechtsanw\u00e4ltin sei und \u00fcber Umwege in die Politik gekommen ist. Zuerst habe sie sich im Stadtteil engagiert, dann f\u00fcr die ganze Stadt Oberhausen.<\/p>\n<p>Stefan Zimkeit erinnerte sich daran, dass er sich als 16-J\u00e4hriger an Demonstrationen f\u00fcr Frieden und gegen Atomraketen beteiligt habe und dann zu den Jusos gegangen sei. &#8222;Ich wollte etwas ver\u00e4ndern.&#8220;<!--more--><\/p>\n<p>Auf die Frage, wie eine gute Kinderpolitik aussieht, sagte Bongers: &#8222;Kinder ernst nehmen. Es ist super, wie ihr uns Fragen stellt&#8220;, sprach sie sich daf\u00fcr aus, auf die Stimmen der Kleinsten zu h\u00f6ren.<\/p>\n<p>&#8222;Alle Kinder sollen gleich gute Chancen haben, egal ob die Eltern viel oder wenig Geld haben&#8220;, pl\u00e4dierte Zimkeit daf\u00fcr, dass Kitas und Schulen noch mehr M\u00f6glichkeiten bekommen, Chancengleichheit zu garantieren.<\/p>\n<p>&#8222;Jeder kann, das was er wirklich m\u00f6chte, auch schaffen&#8220;, antwortete Bongers darauf, wie man in die Politik kommt. &#8222;Engagiert euch!&#8220; Zimkeit erg\u00e4nzte: &#8222;Wenn ihr euch nicht selber engagiert, entscheiden andere Menschen f\u00fcr euch.&#8220;<\/p>\n<p>Das gr\u00f6\u00dfte Problem im Landtag sei, dass es eine Gruppe von Abgeordneten gibt, die sich sehr intolerant und undemokratisch vertreten, waren sich Bongers und Zimkeit in ihrer Kritik an der AfD einig. &#8222;Wir wollen, dass alle Menschen gleich behandelt werden&#8220;, sagt Sonja Bongers den Kindern.<\/p>\n<p>Die Frage nach dem in der EU beschlossenen Urheberrecht f\u00fcrs Internet beantwortete Stefan Zimkeit mit deutlicher Kritik an gro\u00dfen Digitalkonzernen wie Facebook und Google. &#8222;Die verdienen Geld mit dem, was Musikern und K\u00fcnstlern geh\u00f6rt. Diese haben aber einen Recht darauf, ihren Anteil daran zu erhalten&#8220;, verteidigte er die Idee eines gest\u00e4rkten Urheberrechts.<\/p>\n<p>Der Weg, dies mit Uploadfiltern zu regeln, sei aber falsch&#8220;, sprachen sich beide SPD-Abgeordnete gegen die Einschr\u00e4nkung der Meinungsfreiheit aus.<\/p>\n<p>Sonja Bongers fragte die G\u00e4ste, was die KinderAkademie macht. Ein wichtiger Punkt seien Ausfl\u00fcge. Neben den Landtag habe man schon einen B\u00e4cker, Museen und die Feuerwehr besucht, erfuhren die Parlamentarier. Es gebe ein Jahresprogramm, das von der Politik bis zu Kultur reiche, und den Kindern w\u00fcrden Orte und Personen gezeigt, die sie noch nicht kennen.<\/p>\n<p>&#8222;Was w\u00e4re f\u00fcr euch wichtig? Worum w\u00fcrdet ihr euch k\u00fcmmern, wenn ihr Politiker w\u00e4ret?&#8220;, wollten Bongers und Zimkeit abschlie\u00dfend wissen. Kinderrechte, Umwelt und Klimaschutz lauteten die Antworten, aber auch mehr Geld f\u00fcr Menschen in schlecht bezahlten Jobs.<\/p>\n","protected":false},"excerpt":{"rendered":"<p>30 Oberhausener Kinder haben im Rahmen der Internationalen KinderAkademie den Landtag in D\u00fcsseldorf besucht. Nach einer Besichtigung des Parlaments haben sie sich mit den Abgeordneten Sonja Bongers und Stefan Zimkeit&hellip; <\/p>\n","protected":false},"author":1,"featured_media":0,"comment_status":"closed","ping_status":"closed","sticky":false,"template":"","format":"standard","meta":{"footnotes":""},"categories":[179,216],"tags":[1951,1952,484,660,1878,1787],"quellen":[1317,331],"class_list":["post-6377","post","type-post","status-publish","format-standard","hentry","category-kinder-und-jugendliche","category-land","tag-internationale-kinderakademie","tag-kinderrechte","tag-klimaschutz","tag-landtagsbesuch","tag-uploadfilter","tag-urheberrecht","quellen-mdl-sonja-bongers","quellen-mdl-stefan-zimkeit"],"_links":{"self":[{"href":"https:\/\/meier-gerdingh.de\/wp-spd-ob\/wp-json\/wp\/v2\/posts\/6377","targetHints":{"allow":["GET"]}}],"collection":[{"href":"https:\/\/meier-gerdingh.de\/wp-spd-ob\/wp-json\/wp\/v2\/posts"}],"about":[{"href":"https:\/\/meier-gerdingh.de\/wp-spd-ob\/wp-json\/wp\/v2\/types\/post"}],"author":[{"embeddable":true,"href":"https:\/\/meier-gerdingh.de\/wp-spd-ob\/wp-json\/wp\/v2\/users\/1"}],"replies":[{"embeddable":true,"href":"https:\/\/meier-gerdingh.de\/wp-spd-ob\/wp-json\/wp\/v2\/comments?post=6377"}],"version-history":[{"count":0,"href":"https:\/\/meier-gerdingh.de\/wp-spd-ob\/wp-json\/wp\/v2\/posts\/6377\/revisions"}],"wp:attachment":[{"href":"https:\/\/meier-gerdingh.de\/wp-spd-ob\/wp-json\/wp\/v2\/media?parent=6377"}],"wp:term":[{"taxonomy":"category","embeddable":true,"href":"https:\/\/meier-gerdingh.de\/wp-spd-ob\/wp-json\/wp\/v2\/categories?post=6377"},{"taxonomy":"post_tag","embeddable":true,"href":"https:\/\/meier-gerdingh.de\/wp-spd-ob\/wp-json\/wp\/v2\/tags?post=6377"},{"taxonomy":"quellen","embeddable":true,"href":"https:\/\/meier-gerdingh.de\/wp-spd-ob\/wp-json\/wp\/v2\/quellen?post=6377"}],"curies":[{"name":"wp","href":"https:\/\/api.w.org\/{rel}","templated":true}]}}