{"id":638,"date":"2008-07-02T16:00:00","date_gmt":"2008-07-02T14:00:00","guid":{"rendered":"http:\/\/www.meier-gerdingh.de\/spd-oberhausen\/wp\/?p=638"},"modified":"2017-05-14T14:52:31","modified_gmt":"2017-05-14T12:52:31","slug":"dorothee-radtke-folgt-elke-kemper-in-den-rat-der-stadt","status":"publish","type":"post","link":"https:\/\/meier-gerdingh.de\/wp-spd-ob\/2008\/07\/02\/dorothee-radtke-folgt-elke-kemper-in-den-rat-der-stadt\/","title":{"rendered":"Dorothee Radtke folgt Elke Kemper in den Rat der Stadt"},"content":{"rendered":"<div style=\"width: 150px\" class=\"wp-caption alignleft\"><a href=\"http:\/\/meier-gerdingh.de\/wp-spd-ob\/wp-content\/uploads\/radtke_dorothee.jpg\"><img decoding=\"async\" class=\"size-full\" src=\"http:\/\/meier-gerdingh.de\/wp-spd-ob\/wp-content\/uploads\/radtke_dorothee.jpg\" alt=\"Dorothee Radtke r\u00fcckt f\u00fcr Elke Kemper in den Rat der Stadt nach\" width=\"140\" height=\"186\" \/><\/a><p class=\"wp-caption-text\">Dorothee Radtke r\u00fcckt f\u00fcr Elke Kemper in den Rat der Stadt nach<\/p><\/div>\n<p>Aus pers\u00f6nlichen Gr\u00fcnden hat die SPD-Stadtverordnete Elke Kemper ihren R\u00fcckzug aus allen kommunalpolitischen Funktionen erkl\u00e4rt. &#8222;Mit gro\u00dfem Bedauern,&#8220; so der Fraktionsvorsitzende Wolfgang Gro\u00dfe Br\u00f6mer, &#8222;habe ich die f\u00fcr mich nachvollziehbare Entscheidung von Elke Kemper in einem pers\u00f6nlichen Gespr\u00e4ch entgegen nehmen m\u00fcssen.&#8220; In weit mehr als zwei Jahrzehnten ehrenamtlicher T\u00e4tigkeit hat sich Elke Kemper zun\u00e4chst in der Bezirksvertretung Sterkrade und ab 1985 im Rat der Stadt kommunalpolitisch engagiert. Im Mittelpunkt stand dabei der unerm\u00fcdliche Einsatz f\u00fcr &#8222;ihren&#8220; Stadtteil Schmachtendorf.<!--more--><\/p>\n<p>Elke Kemper wurde f\u00fcr dieses vorbildliche Engagement bereits im Jahr 2000 mit dem Ehrenring der Stadt ausgezeichnet.<\/p>\n<p>Mit Dorothee Radtke folgt ihr eine anerkannte Unternehmerin und aktive Mitb\u00fcrgerin, die bislang mit einer beispielhaften Arbeit im und f\u00fcr das Knappenviertel Schwerpunkte gesetzt hat.<\/p>\n","protected":false},"excerpt":{"rendered":"<p>Aus pers\u00f6nlichen Gr\u00fcnden hat die SPD-Stadtverordnete Elke Kemper ihren R\u00fcckzug aus allen kommunalpolitischen Funktionen erkl\u00e4rt. &#8222;Mit gro\u00dfem Bedauern,&#8220; so der Fraktionsvorsitzende Wolfgang Gro\u00dfe Br\u00f6mer, &#8222;habe ich die f\u00fcr mich nachvollziehbare&hellip; <\/p>\n","protected":false},"author":1,"featured_media":0,"comment_status":"closed","ping_status":"closed","sticky":false,"template":"","format":"standard","meta":{"footnotes":""},"categories":[1],"tags":[],"quellen":[],"class_list":["post-638","post","type-post","status-publish","format-standard","hentry","category-allgemein"],"_links":{"self":[{"href":"https:\/\/meier-gerdingh.de\/wp-spd-ob\/wp-json\/wp\/v2\/posts\/638","targetHints":{"allow":["GET"]}}],"collection":[{"href":"https:\/\/meier-gerdingh.de\/wp-spd-ob\/wp-json\/wp\/v2\/posts"}],"about":[{"href":"https:\/\/meier-gerdingh.de\/wp-spd-ob\/wp-json\/wp\/v2\/types\/post"}],"author":[{"embeddable":true,"href":"https:\/\/meier-gerdingh.de\/wp-spd-ob\/wp-json\/wp\/v2\/users\/1"}],"replies":[{"embeddable":true,"href":"https:\/\/meier-gerdingh.de\/wp-spd-ob\/wp-json\/wp\/v2\/comments?post=638"}],"version-history":[{"count":0,"href":"https:\/\/meier-gerdingh.de\/wp-spd-ob\/wp-json\/wp\/v2\/posts\/638\/revisions"}],"wp:attachment":[{"href":"https:\/\/meier-gerdingh.de\/wp-spd-ob\/wp-json\/wp\/v2\/media?parent=638"}],"wp:term":[{"taxonomy":"category","embeddable":true,"href":"https:\/\/meier-gerdingh.de\/wp-spd-ob\/wp-json\/wp\/v2\/categories?post=638"},{"taxonomy":"post_tag","embeddable":true,"href":"https:\/\/meier-gerdingh.de\/wp-spd-ob\/wp-json\/wp\/v2\/tags?post=638"},{"taxonomy":"quellen","embeddable":true,"href":"https:\/\/meier-gerdingh.de\/wp-spd-ob\/wp-json\/wp\/v2\/quellen?post=638"}],"curies":[{"name":"wp","href":"https:\/\/api.w.org\/{rel}","templated":true}]}}