{"id":6380,"date":"2019-06-09T10:32:14","date_gmt":"2019-06-09T08:32:14","guid":{"rendered":"https:\/\/meier-gerdingh.de\/wp-spd-ob\/?p=6380"},"modified":"2019-06-10T10:36:13","modified_gmt":"2019-06-10T08:36:13","slug":"land-muss-anlieger-von-strassenausbeitraegen-entlasten","status":"publish","type":"post","link":"https:\/\/meier-gerdingh.de\/wp-spd-ob\/2019\/06\/09\/land-muss-anlieger-von-strassenausbeitraegen-entlasten\/","title":{"rendered":"Land muss Anlieger von Stra\u00dfenausbeitr\u00e4gen entlasten"},"content":{"rendered":"<div id=\"attachment_1484\" style=\"width: 150px\" class=\"wp-caption alignleft\"><a href=\"https:\/\/meier-gerdingh.de\/wp-spd-ob\/wp-content\/uploads\/landtagganz1.jpg\"><img aria-describedby=\"caption-attachment-1484\" decoding=\"async\" class=\"size-full wp-image-1484\" src=\"https:\/\/meier-gerdingh.de\/wp-spd-ob\/wp-content\/uploads\/landtagganz1.jpg\" alt=\"\" width=\"140\" height=\"187\" \/><\/a><p id=\"caption-attachment-1484\" class=\"wp-caption-text\">Der Landtag von Nordrhein-Westfalen<\/p><\/div>\n<p>Das Land m\u00fcsse die Anlieger von den Stra\u00dfenausbaubeitr\u00e4gen entlasten und selbst die Kosten \u00fcbernehmen, fassen Sonja Bongers und Stefan Zimkeit die wichtigsten Schlussfolgerungen der Sachverst\u00e4ndigenanh\u00f6rung im Landtag zusammen. Viele Expertinnen und Experten h\u00e4tten die Ziele des von der SPD eingebrachten Gesetzentwurfs unterst\u00fctzt, berichteten die Oberhausener Abgeordneten.<!--more--><\/p>\n<p>&#8222;Hunderte B\u00fcrgerinnen und B\u00fcrger haben die \u00f6ffentliche Anh\u00f6rung im Parlament besucht&#8220;, so Sonja Bongers. Sie h\u00e4tten damit f\u00fcr eine Abschaffung der Anliegerbeteiligung an den Sanierungskosten der Stra\u00dfen demonstriert, so wie es der SPD-Initiative vorsieht. Stefan Zimkeit und Sonja Bongers fordern die CDU-FDP-Koalition auf, ihre Ablehnung des Gesetzentwurfs nun zu \u00fcberdenken.<\/p>\n<p>Zimkeit unterstreicht, dass die bei den St\u00e4dten entstehenden Einnahmeausf\u00e4lle durch eine Zuweisung des Landes kompensiert werden m\u00fcssen. &#8222;Es darf n\u00e4mlich nicht sein, dass sich nur reiche St\u00e4dte erlauben k\u00f6nnen, auf die Geb\u00fchren zu verzichten.&#8220;<\/p>\n<p>Die Landtagsanh\u00f6rung habe zudem best\u00e4tig, dass die Erhebung der Beitr\u00e4ge einen gro\u00dfen b\u00fcrokratischen Aufwand darstellt, spricht sich Stefan Zimkeit daf\u00fcr aus, allein deshalb auf das aufw\u00e4ndige Erhebungsverfahren zu verzichten.<\/p>\n","protected":false},"excerpt":{"rendered":"<p>Das Land m\u00fcsse die Anlieger von den Stra\u00dfenausbaubeitr\u00e4gen entlasten und selbst die Kosten \u00fcbernehmen, fassen Sonja Bongers und Stefan Zimkeit die wichtigsten Schlussfolgerungen der Sachverst\u00e4ndigenanh\u00f6rung im Landtag zusammen. Viele Expertinnen&hellip; <\/p>\n","protected":false},"author":1,"featured_media":0,"comment_status":"closed","ping_status":"closed","sticky":false,"template":"","format":"standard","meta":{"footnotes":""},"categories":[216,27],"tags":[14,1958,1717,1116,1712],"quellen":[1317,331],"class_list":["post-6380","post","type-post","status-publish","format-standard","hentry","category-land","category-planen-bauen-wohnen-verkehr","tag-kommunalfinanzen","tag-landtagsanhoerung","tag-strassenausbaubeitraege","tag-strassenbau","tag-strassenbaubeitraege","quellen-mdl-sonja-bongers","quellen-mdl-stefan-zimkeit"],"_links":{"self":[{"href":"https:\/\/meier-gerdingh.de\/wp-spd-ob\/wp-json\/wp\/v2\/posts\/6380","targetHints":{"allow":["GET"]}}],"collection":[{"href":"https:\/\/meier-gerdingh.de\/wp-spd-ob\/wp-json\/wp\/v2\/posts"}],"about":[{"href":"https:\/\/meier-gerdingh.de\/wp-spd-ob\/wp-json\/wp\/v2\/types\/post"}],"author":[{"embeddable":true,"href":"https:\/\/meier-gerdingh.de\/wp-spd-ob\/wp-json\/wp\/v2\/users\/1"}],"replies":[{"embeddable":true,"href":"https:\/\/meier-gerdingh.de\/wp-spd-ob\/wp-json\/wp\/v2\/comments?post=6380"}],"version-history":[{"count":0,"href":"https:\/\/meier-gerdingh.de\/wp-spd-ob\/wp-json\/wp\/v2\/posts\/6380\/revisions"}],"wp:attachment":[{"href":"https:\/\/meier-gerdingh.de\/wp-spd-ob\/wp-json\/wp\/v2\/media?parent=6380"}],"wp:term":[{"taxonomy":"category","embeddable":true,"href":"https:\/\/meier-gerdingh.de\/wp-spd-ob\/wp-json\/wp\/v2\/categories?post=6380"},{"taxonomy":"post_tag","embeddable":true,"href":"https:\/\/meier-gerdingh.de\/wp-spd-ob\/wp-json\/wp\/v2\/tags?post=6380"},{"taxonomy":"quellen","embeddable":true,"href":"https:\/\/meier-gerdingh.de\/wp-spd-ob\/wp-json\/wp\/v2\/quellen?post=6380"}],"curies":[{"name":"wp","href":"https:\/\/api.w.org\/{rel}","templated":true}]}}