{"id":6381,"date":"2019-06-12T16:21:00","date_gmt":"2019-06-12T14:21:00","guid":{"rendered":"https:\/\/meier-gerdingh.de\/wp-spd-ob\/?p=6381"},"modified":"2019-06-12T16:21:02","modified_gmt":"2019-06-12T14:21:02","slug":"weg-fuer-kunstrasenplatz-ist-frei","status":"publish","type":"post","link":"https:\/\/meier-gerdingh.de\/wp-spd-ob\/2019\/06\/12\/weg-fuer-kunstrasenplatz-ist-frei\/","title":{"rendered":"Weg f\u00fcr Kunstrasenplatz ist frei"},"content":{"rendered":"<div id=\"attachment_4242\" style=\"width: 150px\" class=\"wp-caption alignleft\"><a href=\"https:\/\/meier-gerdingh.de\/wp-spd-ob\/wp-content\/uploads\/2017\/05\/zimkeit_stefan_17.jpg\"><img aria-describedby=\"caption-attachment-4242\" decoding=\"async\" class=\"size-full wp-image-4242\" src=\"https:\/\/meier-gerdingh.de\/wp-spd-ob\/wp-content\/uploads\/2017\/05\/zimkeit_stefan_17.jpg\" alt=\"\" width=\"140\" height=\"192\" \/><\/a><p id=\"caption-attachment-4242\" class=\"wp-caption-text\">Stefan Zimkeit ist Landtagsabgeordneter f\u00fcr Oberhausen-Sterkrade und Dinslaken sowie haushalts- und finanzpolitischer Sprecher der SPD-Landtagsfraktion<\/p><\/div>\n<p>Der Haushaltsausschuss des Landtages hat beschlossen, das Sportplatzgrundst\u00fcck Ankerstra\u00dfe an die Stadt Oberhausen zu verkaufen. &#8222;Damit ist der Weg f\u00fcr einen Kunstrasenplatz frei&#8220;, berichtet Stefan Zimkeit aus der Ausschusssitzung in D\u00fcsseldorf. &#8222;Das ist f\u00fcr den SuS 21 Oberhausen eine wichtige Zukunftsentscheidung.&#8220;<!--more--><\/p>\n<p>Es sei ein Gl\u00fccksfall, dass noch die SPD-gef\u00fchrte Landesregierung beschlossen hatte, dass die St\u00e4dte ein Vorkaufsrecht haben. &#8222;Sonst h\u00e4tte das Land NRW wom\u00f6glich an den Meistbietenden verkaufen m\u00fcssen&#8220;, so Zimkeit.<\/p>\n<p>\u00c4rgerlich sei, dass der SuS 21 nicht am neu aufgelegten Sportst\u00e4ttenf\u00f6rderprogramm NRW teilnehmen darf.<\/p>\n<p>&#8222;Die CDU-FDP-Landesregierung hat beschlossen, dass nur vereinseigene Anlagen gef\u00f6rdert werden. Damit sind die meisten Oberhausener Fu\u00dfballvereine ausgeschlossen. Das ist eine unverst\u00e4ndliche Benachteiligung&#8220;, \u00e4rgert sich der Abgeordnete Zimkeit.<\/p>\n","protected":false},"excerpt":{"rendered":"<p>Der Haushaltsausschuss des Landtages hat beschlossen, das Sportplatzgrundst\u00fcck Ankerstra\u00dfe an die Stadt Oberhausen zu verkaufen. &#8222;Damit ist der Weg f\u00fcr einen Kunstrasenplatz frei&#8220;, berichtet Stefan Zimkeit aus der Ausschusssitzung in&hellip; <\/p>\n","protected":false},"author":1,"featured_media":0,"comment_status":"closed","ping_status":"closed","sticky":false,"template":"","format":"standard","meta":{"footnotes":""},"categories":[216,47],"tags":[1960,1961,1959,1962],"quellen":[331],"class_list":["post-6381","post","type-post","status-publish","format-standard","hentry","category-land","category-sport","tag-kunstrasenplatz","tag-sportstaettenfoerderprogramm-nrw","tag-sus-21","tag-vereinseigene-sportanlagen","quellen-mdl-stefan-zimkeit"],"_links":{"self":[{"href":"https:\/\/meier-gerdingh.de\/wp-spd-ob\/wp-json\/wp\/v2\/posts\/6381","targetHints":{"allow":["GET"]}}],"collection":[{"href":"https:\/\/meier-gerdingh.de\/wp-spd-ob\/wp-json\/wp\/v2\/posts"}],"about":[{"href":"https:\/\/meier-gerdingh.de\/wp-spd-ob\/wp-json\/wp\/v2\/types\/post"}],"author":[{"embeddable":true,"href":"https:\/\/meier-gerdingh.de\/wp-spd-ob\/wp-json\/wp\/v2\/users\/1"}],"replies":[{"embeddable":true,"href":"https:\/\/meier-gerdingh.de\/wp-spd-ob\/wp-json\/wp\/v2\/comments?post=6381"}],"version-history":[{"count":0,"href":"https:\/\/meier-gerdingh.de\/wp-spd-ob\/wp-json\/wp\/v2\/posts\/6381\/revisions"}],"wp:attachment":[{"href":"https:\/\/meier-gerdingh.de\/wp-spd-ob\/wp-json\/wp\/v2\/media?parent=6381"}],"wp:term":[{"taxonomy":"category","embeddable":true,"href":"https:\/\/meier-gerdingh.de\/wp-spd-ob\/wp-json\/wp\/v2\/categories?post=6381"},{"taxonomy":"post_tag","embeddable":true,"href":"https:\/\/meier-gerdingh.de\/wp-spd-ob\/wp-json\/wp\/v2\/tags?post=6381"},{"taxonomy":"quellen","embeddable":true,"href":"https:\/\/meier-gerdingh.de\/wp-spd-ob\/wp-json\/wp\/v2\/quellen?post=6381"}],"curies":[{"name":"wp","href":"https:\/\/api.w.org\/{rel}","templated":true}]}}