{"id":6382,"date":"2019-06-12T16:24:50","date_gmt":"2019-06-12T14:24:50","guid":{"rendered":"https:\/\/meier-gerdingh.de\/wp-spd-ob\/?p=6382"},"modified":"2019-06-12T16:26:50","modified_gmt":"2019-06-12T14:26:50","slug":"spd-will-erklaerungen-zur-stoag-bilanz","status":"publish","type":"post","link":"https:\/\/meier-gerdingh.de\/wp-spd-ob\/2019\/06\/12\/spd-will-erklaerungen-zur-stoag-bilanz\/","title":{"rendered":"SPD will Erkl\u00e4rungen zur Stoag-Bilanz"},"content":{"rendered":"<div id=\"attachment_6363\" style=\"width: 190px\" class=\"wp-caption alignleft\"><a href=\"https:\/\/meier-gerdingh.de\/wp-spd-ob\/wp-content\/uploads\/2019\/05\/pascheberg-rene-2019-lg.jpg\"><img aria-describedby=\"caption-attachment-6363\" decoding=\"async\" class=\"size-full wp-image-6363\" src=\"https:\/\/meier-gerdingh.de\/wp-spd-ob\/wp-content\/uploads\/2019\/05\/pascheberg-rene-2019.jpg\" alt=\"\" width=\"180\" height=\"180\" srcset=\"https:\/\/meier-gerdingh.de\/wp-spd-ob\/wp-content\/uploads\/2019\/05\/pascheberg-rene-2019.jpg 180w, https:\/\/meier-gerdingh.de\/wp-spd-ob\/wp-content\/uploads\/2019\/05\/pascheberg-rene-2019-150x150.jpg 150w\" sizes=\"(max-width: 180px) 100vw, 180px\" \/><\/a><p id=\"caption-attachment-6363\" class=\"wp-caption-text\">Ren\u00e9 Pascheberg ist Mitglied des Rates der Stadt Oberhausen<\/p><\/div>\n<p>Die SPD-Ratsfraktion will nach der Vorstellung der Stoag-Bilanz mit sinkenden Fahrgastzahlen nicht einfach zur Tagesordnung \u00fcbergehen. &#8222;Der \u00f6ffentliche Personennahverkehr spielt bei der Verkehrswende eine entscheidende Rolle&#8220;, sagt der SPD-Stadtverordnete Ren\u00e9 Pascheberg. &#8222;Wir m\u00fcssen genau hinterfragen, wie es zu dieser Entwicklung gekommen ist und welche Ma\u00dfnahmen ergriffen werden k\u00f6nnen, um diesen Trend wieder umzukehren.&#8220;<!--more--><\/p>\n<p>Bei der Vorstellung der Stoag-Jahresbilanz in der vergangenen Woche hatte deren Gesch\u00e4ftsf\u00fchrer Werner Overkamp konstatieren m\u00fcssen, dass die Zahl der Fahrg\u00e4ste in Bussen und Bahnen zum wiederholten Mal gesunken ist. &#8222;Wir wollen genau wissen, welche Segmente des Angebots weniger nachgefragt werden&#8220;, erkl\u00e4rt Paschberg. In seiner Anfrage an die Stadtverwaltung fragt der Stadtverordnete zudem, mit welcher Strategie die Stoag aus dem negativen Trend herauskommen will.<\/p>\n","protected":false},"excerpt":{"rendered":"<p>Die SPD-Ratsfraktion will nach der Vorstellung der Stoag-Bilanz mit sinkenden Fahrgastzahlen nicht einfach zur Tagesordnung \u00fcbergehen. &#8222;Der \u00f6ffentliche Personennahverkehr spielt bei der Verkehrswende eine entscheidende Rolle&#8220;, sagt der SPD-Stadtverordnete Ren\u00e9&hellip; <\/p>\n","protected":false},"author":1,"featured_media":0,"comment_status":"closed","ping_status":"closed","sticky":false,"template":"","format":"standard","meta":{"footnotes":""},"categories":[27],"tags":[135,1963,55,287],"quellen":[326],"class_list":["post-6382","post","type-post","status-publish","format-standard","hentry","category-planen-bauen-wohnen-verkehr","tag-kleine-anfrage","tag-oeffentlicher-nahverkehr","tag-oepnv","tag-stoag","quellen-spd-fraktion-oberhausen"],"_links":{"self":[{"href":"https:\/\/meier-gerdingh.de\/wp-spd-ob\/wp-json\/wp\/v2\/posts\/6382","targetHints":{"allow":["GET"]}}],"collection":[{"href":"https:\/\/meier-gerdingh.de\/wp-spd-ob\/wp-json\/wp\/v2\/posts"}],"about":[{"href":"https:\/\/meier-gerdingh.de\/wp-spd-ob\/wp-json\/wp\/v2\/types\/post"}],"author":[{"embeddable":true,"href":"https:\/\/meier-gerdingh.de\/wp-spd-ob\/wp-json\/wp\/v2\/users\/1"}],"replies":[{"embeddable":true,"href":"https:\/\/meier-gerdingh.de\/wp-spd-ob\/wp-json\/wp\/v2\/comments?post=6382"}],"version-history":[{"count":0,"href":"https:\/\/meier-gerdingh.de\/wp-spd-ob\/wp-json\/wp\/v2\/posts\/6382\/revisions"}],"wp:attachment":[{"href":"https:\/\/meier-gerdingh.de\/wp-spd-ob\/wp-json\/wp\/v2\/media?parent=6382"}],"wp:term":[{"taxonomy":"category","embeddable":true,"href":"https:\/\/meier-gerdingh.de\/wp-spd-ob\/wp-json\/wp\/v2\/categories?post=6382"},{"taxonomy":"post_tag","embeddable":true,"href":"https:\/\/meier-gerdingh.de\/wp-spd-ob\/wp-json\/wp\/v2\/tags?post=6382"},{"taxonomy":"quellen","embeddable":true,"href":"https:\/\/meier-gerdingh.de\/wp-spd-ob\/wp-json\/wp\/v2\/quellen?post=6382"}],"curies":[{"name":"wp","href":"https:\/\/api.w.org\/{rel}","templated":true}]}}