{"id":6388,"date":"2019-06-13T19:55:55","date_gmt":"2019-06-13T17:55:55","guid":{"rendered":"https:\/\/meier-gerdingh.de\/wp-spd-ob\/?p=6388"},"modified":"2019-06-14T20:40:36","modified_gmt":"2019-06-14T18:40:36","slug":"besuch-beim-landessozialgericht-in-essen","status":"publish","type":"post","link":"https:\/\/meier-gerdingh.de\/wp-spd-ob\/2019\/06\/13\/besuch-beim-landessozialgericht-in-essen\/","title":{"rendered":"Besuch beim Landessozialgericht in Essen"},"content":{"rendered":"<div id=\"attachment_6387\" style=\"width: 730px\" class=\"wp-caption aligncenter\"><a href=\"https:\/\/meier-gerdingh.de\/wp-spd-ob\/wp-content\/uploads\/2019\/06\/mdl-sonja-bongers-sozialgericht.jpg\"><img aria-describedby=\"caption-attachment-6387\" decoding=\"async\" class=\"size-full wp-image-6387\" src=\"https:\/\/meier-gerdingh.de\/wp-spd-ob\/wp-content\/uploads\/2019\/06\/mdl-sonja-bongers-sozialgericht.jpg\" alt=\"\" width=\"720\" height=\"458\" srcset=\"https:\/\/meier-gerdingh.de\/wp-spd-ob\/wp-content\/uploads\/2019\/06\/mdl-sonja-bongers-sozialgericht.jpg 720w, https:\/\/meier-gerdingh.de\/wp-spd-ob\/wp-content\/uploads\/2019\/06\/mdl-sonja-bongers-sozialgericht-300x191.jpg 300w\" sizes=\"(max-width: 720px) 100vw, 720px\" \/><\/a><p id=\"caption-attachment-6387\" class=\"wp-caption-text\">Die Oberhausener Landtagsaggeordnete Sonja Bongers mit dem neu ernannten Pr\u00e4sidenten des Landessozialgerichts Martin L\u00f6ns<\/p><\/div>\n<p>&#8222;Die meisten Menschen haben in ihrem Leben irgendwann mal mit Sozialrecht zu tun, sei es, wenn es um die Rente, die Kranken- oder Pflegeversicherung oder um das Thema Arbeitslosigkeit geht&#8220;, so der neu ernannte Pr\u00e4sident des Landessozialgerichts Martin L\u00f6ns bei einem Besuch der Oberhausener Landtagsabgeordneten Sonja Bongers (SPD) in Essen.<\/p>\n<p>Gerade deshalb war es der Abgeordneten ein Herzensanliegen, in ihrer Funktion als Rechtspolitische Sprecherin dem Landessozialgericht einen Besuch abzustatten, um genau \u00fcber die Verh\u00e4ltnisse und Bed\u00fcrfnisse des Gerichts Bescheid zu wissen.<!--more--><\/p>\n<p>Das Landessozialgericht entscheidet in zweiter Instanz \u00fcber Berufungen gegen die Urteile nordrhein-westf\u00e4lischer Sozialgerichte.<\/p>\n<p>&#8222;Gerade weil wir hier so viele lebensnahe F\u00e4lle bearbeiten, ist eine gute Personalausstattung wichtig, damit Menschen in ihren Anliegen schnell zu ihrem Recht kommen&#8220;, f\u00fchrte L\u00f6ns fort. Besonders lag ihm dabei die Juristenausbildung am Herzen.<\/p>\n<p>Leider l\u00e4uft das Fach Sozialrecht im Jurastudium oft unter ferner liefen, weshalb die guten Absolventen oft nicht auf die Idee kommen, sich als Richterinnen und Richter beim Sozialgericht zu bewerben. Der Rechtsausschuss des Landtags hat bereits eine Anh\u00f6rung zur Reform des Juristenausbildungsgesetzes durchgef\u00fchrt.<\/p>\n<p>&#8222;Dass Menschen im Bereich des Sozialrechts z\u00fcgig gerechte Entscheidungen bekommen, ist auch ein Aspekt sozialer Gerechtigkeit und st\u00e4rkt unsere Demokratie&#8220;, res\u00fcmiert Bongers den Besuch in Essen. &#8222;Da das auch f\u00fcr mich ein Kernanliegen ist, werde ich das Geh\u00f6rte gerne in meine parlamentarische Arbeit mit einflie\u00dfen lassen, wenn das Juristenausbildungsgesetz erneut auf die Tagesordnung des Rechtsausschusses kommt.&#8220;<\/p>\n","protected":false},"excerpt":{"rendered":"<p>&#8222;Die meisten Menschen haben in ihrem Leben irgendwann mal mit Sozialrecht zu tun, sei es, wenn es um die Rente, die Kranken- oder Pflegeversicherung oder um das Thema Arbeitslosigkeit geht&#8220;,&hellip; <\/p>\n","protected":false},"author":1,"featured_media":0,"comment_status":"closed","ping_status":"closed","sticky":false,"template":"","format":"standard","meta":{"footnotes":""},"categories":[216],"tags":[1968],"quellen":[1317],"class_list":["post-6388","post","type-post","status-publish","format-standard","hentry","category-land","tag-rechtsausschuss-landtag","quellen-mdl-sonja-bongers"],"_links":{"self":[{"href":"https:\/\/meier-gerdingh.de\/wp-spd-ob\/wp-json\/wp\/v2\/posts\/6388","targetHints":{"allow":["GET"]}}],"collection":[{"href":"https:\/\/meier-gerdingh.de\/wp-spd-ob\/wp-json\/wp\/v2\/posts"}],"about":[{"href":"https:\/\/meier-gerdingh.de\/wp-spd-ob\/wp-json\/wp\/v2\/types\/post"}],"author":[{"embeddable":true,"href":"https:\/\/meier-gerdingh.de\/wp-spd-ob\/wp-json\/wp\/v2\/users\/1"}],"replies":[{"embeddable":true,"href":"https:\/\/meier-gerdingh.de\/wp-spd-ob\/wp-json\/wp\/v2\/comments?post=6388"}],"version-history":[{"count":0,"href":"https:\/\/meier-gerdingh.de\/wp-spd-ob\/wp-json\/wp\/v2\/posts\/6388\/revisions"}],"wp:attachment":[{"href":"https:\/\/meier-gerdingh.de\/wp-spd-ob\/wp-json\/wp\/v2\/media?parent=6388"}],"wp:term":[{"taxonomy":"category","embeddable":true,"href":"https:\/\/meier-gerdingh.de\/wp-spd-ob\/wp-json\/wp\/v2\/categories?post=6388"},{"taxonomy":"post_tag","embeddable":true,"href":"https:\/\/meier-gerdingh.de\/wp-spd-ob\/wp-json\/wp\/v2\/tags?post=6388"},{"taxonomy":"quellen","embeddable":true,"href":"https:\/\/meier-gerdingh.de\/wp-spd-ob\/wp-json\/wp\/v2\/quellen?post=6388"}],"curies":[{"name":"wp","href":"https:\/\/api.w.org\/{rel}","templated":true}]}}