{"id":6389,"date":"2019-06-13T20:00:24","date_gmt":"2019-06-13T18:00:24","guid":{"rendered":"https:\/\/meier-gerdingh.de\/wp-spd-ob\/?p=6389"},"modified":"2019-06-26T15:02:34","modified_gmt":"2019-06-26T13:02:34","slug":"noch-kein-antrag-auf-errichtung-einer-abfallbehandlungsanlage-gestellt","status":"publish","type":"post","link":"https:\/\/meier-gerdingh.de\/wp-spd-ob\/2019\/06\/13\/noch-kein-antrag-auf-errichtung-einer-abfallbehandlungsanlage-gestellt\/","title":{"rendered":"Noch kein Antrag auf Errichtung einer Abfallbehandlungsanlage gestellt"},"content":{"rendered":"<div id=\"attachment_4242\" style=\"width: 150px\" class=\"wp-caption alignleft\"><a href=\"https:\/\/meier-gerdingh.de\/wp-spd-ob\/wp-content\/uploads\/2017\/05\/zimkeit_stefan_17.jpg\"><img aria-describedby=\"caption-attachment-4242\" decoding=\"async\" class=\"size-full wp-image-4242\" src=\"https:\/\/meier-gerdingh.de\/wp-spd-ob\/wp-content\/uploads\/2017\/05\/zimkeit_stefan_17.jpg\" alt=\"\" width=\"140\" height=\"192\" \/><\/a><p id=\"caption-attachment-4242\" class=\"wp-caption-text\">Stefan Zimkeit ist Landtagsabgeordneter f\u00fcr Oberhausen-Sterkrade und Dinslaken sowie haushalts- und finanzpolitischer Sprecher der SPD-Landtagsfraktion<\/p><\/div>\n<p>&#8222;Noch wurde kein Antrag auf die Errichtung einer Abfallbehandlungsanlage f\u00fcr Giftstoffe auf dem Waldteichgel\u00e4nde gestellt&#8220;, so Stefan Zimkeit. Dies hat der SPD-Abgeordnete auf Anfrage von der Landesumweltministerin erfahren.<\/p>\n<p>&#8222;Auf Nachfrage wurde die Bezirksregierung D\u00fcsseldorf dar\u00fcber informiert, dass ein Abfallunternehmen erstmals im August letzten Jahres an die Stadtverwaltung herangetreten sei und \u00dcberlegungen f\u00fcr eine Ansiedlung im Bereich Waldteich vorgetragen habe&#8220;, zitiert Zimkeit die Stellungnahme des Ministeriums. F\u00fcr ihn bestehen erhebliche Zweifel, ob eine solche Giftstoffanlage in dem dortigen Gewerbepark vertr\u00e4glich ist.<!--more--><\/p>\n<p>&#8222;D\u00fcsseldorf macht darauf aufmerksam, dass das Planungsrecht in der Hand der Stadt Oberhausen liegt. Hier kann sich die Stadtspitze nicht damit herausreden, keine Zust\u00e4ndigkeit zu haben.&#8220; Stefan Zimkeit fordert, zu pr\u00fcfen, welche bau- und planungsrechtlichen M\u00f6glichkeiten bestehen, die Anlage zu verhindern.<\/p>\n<p>Zudem fordert Zimkeit in Falle einer Antragstellung eine fr\u00fchzeitige und umfassende B\u00fcrgerbeteiligung.<\/p>\n<p>&#8222;Auch wenn eine Beteiligung der B\u00fcrgerinnen und B\u00fcrger laut Umweltministerium nicht rechtlich vorgeschrieben ist, sind der Vorhabentr\u00e4ger, die Stadt und das Land in der Pflicht, das Vorhaben fr\u00fchzeitig mit den Betroffenen zu diskutieren.&#8220;<\/p>\n","protected":false},"excerpt":{"rendered":"<p>&#8222;Noch wurde kein Antrag auf die Errichtung einer Abfallbehandlungsanlage f\u00fcr Giftstoffe auf dem Waldteichgel\u00e4nde gestellt&#8220;, so Stefan Zimkeit. Dies hat der SPD-Abgeordnete auf Anfrage von der Landesumweltministerin erfahren. &#8222;Auf Nachfrage&hellip; <\/p>\n","protected":false},"author":1,"featured_media":0,"comment_status":"closed","ping_status":"closed","sticky":false,"template":"","format":"standard","meta":{"footnotes":""},"categories":[216,29],"tags":[1941,1905,1904,135,840],"quellen":[331],"class_list":["post-6389","post","type-post","status-publish","format-standard","hentry","category-land","category-umwelt","tag-aufbereitungsanlage-fuer-giftstoffe","tag-gewerbepark-waldteich","tag-gift-recycling","tag-kleine-anfrage","tag-waldteich-gelaende","quellen-mdl-stefan-zimkeit"],"_links":{"self":[{"href":"https:\/\/meier-gerdingh.de\/wp-spd-ob\/wp-json\/wp\/v2\/posts\/6389","targetHints":{"allow":["GET"]}}],"collection":[{"href":"https:\/\/meier-gerdingh.de\/wp-spd-ob\/wp-json\/wp\/v2\/posts"}],"about":[{"href":"https:\/\/meier-gerdingh.de\/wp-spd-ob\/wp-json\/wp\/v2\/types\/post"}],"author":[{"embeddable":true,"href":"https:\/\/meier-gerdingh.de\/wp-spd-ob\/wp-json\/wp\/v2\/users\/1"}],"replies":[{"embeddable":true,"href":"https:\/\/meier-gerdingh.de\/wp-spd-ob\/wp-json\/wp\/v2\/comments?post=6389"}],"version-history":[{"count":0,"href":"https:\/\/meier-gerdingh.de\/wp-spd-ob\/wp-json\/wp\/v2\/posts\/6389\/revisions"}],"wp:attachment":[{"href":"https:\/\/meier-gerdingh.de\/wp-spd-ob\/wp-json\/wp\/v2\/media?parent=6389"}],"wp:term":[{"taxonomy":"category","embeddable":true,"href":"https:\/\/meier-gerdingh.de\/wp-spd-ob\/wp-json\/wp\/v2\/categories?post=6389"},{"taxonomy":"post_tag","embeddable":true,"href":"https:\/\/meier-gerdingh.de\/wp-spd-ob\/wp-json\/wp\/v2\/tags?post=6389"},{"taxonomy":"quellen","embeddable":true,"href":"https:\/\/meier-gerdingh.de\/wp-spd-ob\/wp-json\/wp\/v2\/quellen?post=6389"}],"curies":[{"name":"wp","href":"https:\/\/api.w.org\/{rel}","templated":true}]}}