{"id":639,"date":"2008-07-04T16:00:00","date_gmt":"2008-07-04T14:00:00","guid":{"rendered":"http:\/\/www.meier-gerdingh.de\/spd-oberhausen\/wp\/?p=639"},"modified":"2017-05-14T14:52:23","modified_gmt":"2017-05-14T12:52:23","slug":"termine-der-sommerschule-2008","status":"publish","type":"post","link":"https:\/\/meier-gerdingh.de\/wp-spd-ob\/2008\/07\/04\/termine-der-sommerschule-2008\/","title":{"rendered":"Termine der Sommerschule 2008"},"content":{"rendered":"<div style=\"width: 150px\" class=\"wp-caption alignleft\"><a href=\"http:\/\/meier-gerdingh.de\/wp-spd-ob\/wp-content\/uploads\/logo_spd_ob.gif\"><img decoding=\"async\" class=\"size-full\" src=\"http:\/\/meier-gerdingh.de\/wp-spd-ob\/wp-content\/uploads\/logo_spd_ob.gif\" alt=\"Logo der SPD Oberhausen\" width=\"140\" height=\"150\" \/><\/a><p class=\"wp-caption-text\">Logo der SPD Oberhausen<\/p><\/div>\n<p>Eine bis unmittelbar vor den Sommerferien wirklich arbeitsreiche Zeit liegt hinter uns. Noch in der vergangenen Woche hat der Rat der Stadt in einer wirklichen Marathon-Sitzung entscheidende Weichen f\u00fcr die Entwicklung des Haushaltes der Stadt gestellt. Mit einem ausgewogenen und mit breiter Beteiligung entwickelten Sparkonzept haben wir daf\u00fcr gesorgt, dass Oberhausen handlungs- und zukunftsf\u00e4hig bleibt. Ob im Sozial-, Jugend-, Schule-, Sport-, Umwelt- und Kulturetat: Mit uns ist ein Kaputtsparen wichtiger Infrastruktur- und Dienstleistungsangebote nicht zu machen. Wie in jedem Jahr wollen wir die Ferienzeit auch wieder f\u00fcr eine Sommerschule nutzen. Hierzu haben wir einen &#8222;Stundenplan&#8220; konzipiert, der an einigen beispielhaften Projekten belegt: Die sinnvolle Weiterentwicklung Oberhausens geht trotz aller Sparzw\u00e4nge voran.<!--more--><\/p>\n<p>Die Termine im Einzelnen:<\/p>\n<p><b>1. Termin: Dienstag, 08. Juli 2008<br \/>\nTreffpunkt: 16.00 Uhr, an der Marina (vor Sea Life)<\/b><\/p>\n<p>Deutlicher als mit der <b>Entwicklung des Marina-Gel\u00e4ndes<\/b> kann man verantwortungsbewusste Stadtentwicklungspolitik nicht belegen. Vor die Frage gestellt, ob eine Zwangsversteigerung des gesamten Areals zwischen Osterfelder Stra\u00dfe und Marina und die damit zu bef\u00fcrchtende scheibchenweise Vermarktung die richtige Weichenstellung ist, haben wir entschieden, dass die Entwicklung dieser zentralen Fl\u00e4che nicht dem Prinzip Zufall \u00fcberlassen bleiben darf. Die OGM hat mit der \u00dcbernahme der Verantwortung f\u00fcr diese Fl\u00e4che eine vern\u00fcnftige Strategie f\u00fcr die sinnvolle Arrondierung der Neuen Mitte entwickelt. Dass hier zukunftsgerichtete Stadtentwicklung im Mittelpunkt steht, dar\u00fcber wollen wir uns in einem Termin &#8222;vor Ort&#8220; informieren. Horst Kalthoff, Betriebsleiter OGM, und Horst Fa\u00dfbender, Projektbeauftragter f\u00fcr diese Fl\u00e4che, werden uns einen \u00dcberblick dar\u00fcber geben, welche Bau-, Infrastruktur- und Investitionsma\u00dfnahmen auf dieser Fl\u00e4che bevorstehen.<\/p>\n<p>Die Leitung dieses Termins, der zugleich Auftakt f\u00fcr die Sommerschule 2008 ist, \u00fcbernimmt Wolfgang Gro\u00dfe Br\u00f6mer.<\/p>\n<p><b>2. Termin: Donnerstag, 17. Juli 2008<br \/>\nTreffpunkt: 16.00 Uhr, Gedenkhalle im Schloss Oberhausen<\/b><\/p>\n<p>Seit etwas mehr als 100 Tagen hat die <b>Ludwig Galerie Schlo\u00df Oberhausen<\/b> bzw. der Bereich Kunst der Stadt mit Frau Dr. Christine Vogt eine neue Leitung. In dieser Sommerschulstunde, die Leitung \u00fcbernimmt mit Manfred Flore der kulturpolitischer Sprecher der Ratsfraktion, wird uns Frau Dr. Vogt freundlicherweise einen \u00dcberblick \u00fcber Planungen und Konzepte zur Weiterentwicklung dieser bedeutsamen Kultureinrichtung in Oberhausen geben.<\/p>\n<p>Die Gedenkhalle im Schloss Oberhausen seit dem 19. Mai 2008 vor\u00fcbergehend geschlossen. Konkreter Grund hierf\u00fcr ist, dass im Rahmen einer umfassenden Neugestaltung ein Umbau erfolgt, der auch das ehemalige Lehrerseminar (Am Kaisergarten 52) in die Neukonzeption einbezieht. Zentraler Punkt wird jedoch die vollst\u00e4ndig neu entwickelte Dauerausstellung, die nach Abschluss der Bauarbeiten eingerichtet wird. Frau Dr. Vogt wird uns im Rahmen dieses Termins auch einen kurzen \u00dcberblick \u00fcber den Sachstand der Umbauarbeiten, Zeit-\/Zielpl\u00e4ne und Eckpunkte der neuen Ausstellungskonzeption geben.<\/p>\n<p><b>3. Termin: Donnerstag, 24. Juli 2008<br \/>\nTreffpunkt: 16.00 Uhr, Baustelle Hallenbad Oberhausen, Goebenstra\u00dfe<\/b><\/p>\n<p>Vor fast genau einem Jahr, am 06. August 2007, wurde der Grundstein f\u00fcr den <b>Neubau des Hallenbades Oberhausen<\/b> gelegt. Damit konnte ein wichtiger Baustein zur Entwicklung dieses zentralen Innenstadtquartiers zu einem Dienstleistungsschwerpunkt f\u00fcr Schule, Sport, Schwimmen und Freizeit auf den Weg gebracht werden.<\/p>\n<p>Im Rahmen einer Baustellenbesichtigung wird uns Hartmut Schmidt, Gesch\u00e4ftsf\u00fchrer OGM, nicht nur einen \u00dcberblick \u00fcber den Sachstand dieser in wenigen Wochen fertiggestellten Bauma\u00dfnahme geben. Vielmehr wird auch eine zusammenfassende Darstellung dazu erfolgen, mit welchen weiteren Projektbausteinen dieses Innenstadtquartier unter den genannten Schwerpunkten Schule, Sport und Freizeit aufgewertet wird. Bezirksb\u00fcrgermeister Josef Loege wird diesen &#8222;Unterrichtstermin&#8220; begleiten.<\/p>\n<p><b>4. Termin: Mittwoch, 30. Juli 2008<br \/>\nTreffpunkt: 16.00 Uhr, Max-Eyth-Stra\u00dfe \/ Einfahrt STOAG Betriebsgel\u00e4nde<\/b><\/p>\n<p>Gleich drei wichtige Projekte, die in einem kurzen Spaziergang erkundet werden k\u00f6nnen, stehen diesmal auf dem Stundenplan: Das energetisch marode und wirtschaftlich in keinem vertretbaren Rahmen zu sanierende <b>Verwaltungsgeb\u00e4ude der STOAG<\/b> wird bekannterma\u00dfen durch einen Neubau ersetzt. Damit wird nicht nur nachhaltig der Energieverbrauch verbessert und den Besch\u00e4ftigten angemessene Arbeitsbedingungen geboten, sondern durch die B\u00fcndelung von Funktionen wird ein Einspareffekt erreicht. Herr Walenciak, Projektleiter der STOAG, wird in einem kurzen \u00dcberblick Eckpunkte der Neubauplanung darstellen.<\/p>\n<p>Nach einem kurzen Fu\u00dfweg erreichen wir dann die zweite Station des Sommerschultermins: Unter der Autobahnbr\u00fccke der A 42 soll in den n\u00e4chsten Wochen eine <b>neue Strecke f\u00fcr BMX-Fahrradsport<\/b> entstehen. Dietmar Ingenerf, Leiter des Bereiches Sport, wird uns hier den aktuellen Planungsstand erl\u00e4utern.<\/p>\n<p>Nach \u00dcberquerung der Lindnerstra\u00dfe erreichen wir dann die dritte Station des Termins: Das <b>Stadion Niederrhein<\/b> wird bekannterma\u00dfen f\u00fcr die Anforderungen der zweiten Fu\u00dfball-Bundesliga fit gemacht. Herausragende Bauma\u00dfnahme ist der Einbau einer Rasenheizung, die zum Saisonstart &#8211; ab 15. August rollt der Ball in der 2. Liga &#8211; betriebsbereit sein muss. Auch hier wird uns Dietmar Ingenerf die notwendigen Erkl\u00e4rungen geben.<\/p>\n<p>Anschlie\u00dfend wollen wir an eine junge Tradition ankn\u00fcpfen und die diesj\u00e4hrige Sommerschule bei gek\u00fchlten Getr\u00e4nken und Leckerem vom Grill im Sport- und Freizeitpark Stadion Niederrhein beenden. Unser Gastgeber &#8211; Bezirksb\u00fcrgermeister und Arbeitskreisleiter Sport Josef Loege &#8211; wird diesen Termin leiten.<\/p>\n","protected":false},"excerpt":{"rendered":"<p>Eine bis unmittelbar vor den Sommerferien wirklich arbeitsreiche Zeit liegt hinter uns. Noch in der vergangenen Woche hat der Rat der Stadt in einer wirklichen Marathon-Sitzung entscheidende Weichen f\u00fcr die&hellip; <\/p>\n","protected":false},"author":1,"featured_media":0,"comment_status":"closed","ping_status":"closed","sticky":false,"template":"","format":"standard","meta":{"footnotes":""},"categories":[1],"tags":[],"quellen":[],"class_list":["post-639","post","type-post","status-publish","format-standard","hentry","category-allgemein"],"_links":{"self":[{"href":"https:\/\/meier-gerdingh.de\/wp-spd-ob\/wp-json\/wp\/v2\/posts\/639","targetHints":{"allow":["GET"]}}],"collection":[{"href":"https:\/\/meier-gerdingh.de\/wp-spd-ob\/wp-json\/wp\/v2\/posts"}],"about":[{"href":"https:\/\/meier-gerdingh.de\/wp-spd-ob\/wp-json\/wp\/v2\/types\/post"}],"author":[{"embeddable":true,"href":"https:\/\/meier-gerdingh.de\/wp-spd-ob\/wp-json\/wp\/v2\/users\/1"}],"replies":[{"embeddable":true,"href":"https:\/\/meier-gerdingh.de\/wp-spd-ob\/wp-json\/wp\/v2\/comments?post=639"}],"version-history":[{"count":0,"href":"https:\/\/meier-gerdingh.de\/wp-spd-ob\/wp-json\/wp\/v2\/posts\/639\/revisions"}],"wp:attachment":[{"href":"https:\/\/meier-gerdingh.de\/wp-spd-ob\/wp-json\/wp\/v2\/media?parent=639"}],"wp:term":[{"taxonomy":"category","embeddable":true,"href":"https:\/\/meier-gerdingh.de\/wp-spd-ob\/wp-json\/wp\/v2\/categories?post=639"},{"taxonomy":"post_tag","embeddable":true,"href":"https:\/\/meier-gerdingh.de\/wp-spd-ob\/wp-json\/wp\/v2\/tags?post=639"},{"taxonomy":"quellen","embeddable":true,"href":"https:\/\/meier-gerdingh.de\/wp-spd-ob\/wp-json\/wp\/v2\/quellen?post=639"}],"curies":[{"name":"wp","href":"https:\/\/api.w.org\/{rel}","templated":true}]}}