{"id":6394,"date":"2019-06-26T15:47:56","date_gmt":"2019-06-26T13:47:56","guid":{"rendered":"https:\/\/meier-gerdingh.de\/wp-spd-ob\/?p=6394"},"modified":"2019-06-26T15:47:56","modified_gmt":"2019-06-26T13:47:56","slug":"spd-fordert-nach-worten-nun-taten","status":"publish","type":"post","link":"https:\/\/meier-gerdingh.de\/wp-spd-ob\/2019\/06\/26\/spd-fordert-nach-worten-nun-taten\/","title":{"rendered":"SPD fordert nach Worten nun Taten"},"content":{"rendered":"<div id=\"attachment_1410\" style=\"width: 150px\" class=\"wp-caption alignleft\"><a href=\"https:\/\/meier-gerdingh.de\/wp-spd-ob\/wp-content\/uploads\/grosse_broemer_wolfgang_14.jpg\"><img aria-describedby=\"caption-attachment-1410\" decoding=\"async\" class=\"size-full wp-image-1410\" src=\"https:\/\/meier-gerdingh.de\/wp-spd-ob\/wp-content\/uploads\/grosse_broemer_wolfgang_14.jpg\" alt=\"\" width=\"140\" height=\"169\" \/><\/a><p id=\"caption-attachment-1410\" class=\"wp-caption-text\">Wolfgang Gro\u00dfe Br\u00f6mer ist Vorsitzender der SPD-Ratsfraktion<\/p><\/div>\n<p>Wohlwollend hat die SPD-Ratsfraktion registriert, dass Oberb\u00fcrgermeister Daniel Schranz (CDU) sich erstmals \u00f6ffentlich gegen eine Recycling-Anlage f\u00fcr gef\u00e4hrliche Stoffe auf dem Waldteich-Gel\u00e4nde ausgesprochen hat. &#8222;Die Richtung stimmt schon mal, jetzt m\u00fcssen den guten Worten allerdings auch Taten folgen&#8220;, mahnt SPD-Fraktionschef Wolfgang Gro\u00dfe Br\u00f6mer.<\/p>\n<p>Immerhin habe Sterkrades Bezirksb\u00fcrgermeister Ulrich Real den Oberb\u00fcrgermeister schon im April aufgefordert, sich gegen Giftm\u00fcll-Recycling im Norden auszusprechen \u2013 auch wenn die Errichtung einer solchen Anlage planungsrechtlich m\u00f6glich sein sollte.<!--more--><\/p>\n<p>&#8222;Es wurde h\u00f6chste Zeit, dass sich der Oberb\u00fcrgermeister in dieser Frage positioniert. Das war er den besorgten Menschen im Norden der Stadt auch schuldig&#8220;, so Gro\u00dfe Br\u00f6mer, der von Daniel Schranz nun erwartet, gemeinsam mit dem Grundst\u00fcckseigent\u00fcmer eine f\u00fcr Mensch und Umwelt akzeptable Nutzung des Areals zu entwickeln.<\/p>\n","protected":false},"excerpt":{"rendered":"<p>Wohlwollend hat die SPD-Ratsfraktion registriert, dass Oberb\u00fcrgermeister Daniel Schranz (CDU) sich erstmals \u00f6ffentlich gegen eine Recycling-Anlage f\u00fcr gef\u00e4hrliche Stoffe auf dem Waldteich-Gel\u00e4nde ausgesprochen hat. &#8222;Die Richtung stimmt schon mal, jetzt&hellip; <\/p>\n","protected":false},"author":1,"featured_media":0,"comment_status":"closed","ping_status":"closed","sticky":false,"template":"","format":"standard","meta":{"footnotes":""},"categories":[29],"tags":[1905,1904,840],"quellen":[326],"class_list":["post-6394","post","type-post","status-publish","format-standard","hentry","category-umwelt","tag-gewerbepark-waldteich","tag-gift-recycling","tag-waldteich-gelaende","quellen-spd-fraktion-oberhausen"],"_links":{"self":[{"href":"https:\/\/meier-gerdingh.de\/wp-spd-ob\/wp-json\/wp\/v2\/posts\/6394","targetHints":{"allow":["GET"]}}],"collection":[{"href":"https:\/\/meier-gerdingh.de\/wp-spd-ob\/wp-json\/wp\/v2\/posts"}],"about":[{"href":"https:\/\/meier-gerdingh.de\/wp-spd-ob\/wp-json\/wp\/v2\/types\/post"}],"author":[{"embeddable":true,"href":"https:\/\/meier-gerdingh.de\/wp-spd-ob\/wp-json\/wp\/v2\/users\/1"}],"replies":[{"embeddable":true,"href":"https:\/\/meier-gerdingh.de\/wp-spd-ob\/wp-json\/wp\/v2\/comments?post=6394"}],"version-history":[{"count":0,"href":"https:\/\/meier-gerdingh.de\/wp-spd-ob\/wp-json\/wp\/v2\/posts\/6394\/revisions"}],"wp:attachment":[{"href":"https:\/\/meier-gerdingh.de\/wp-spd-ob\/wp-json\/wp\/v2\/media?parent=6394"}],"wp:term":[{"taxonomy":"category","embeddable":true,"href":"https:\/\/meier-gerdingh.de\/wp-spd-ob\/wp-json\/wp\/v2\/categories?post=6394"},{"taxonomy":"post_tag","embeddable":true,"href":"https:\/\/meier-gerdingh.de\/wp-spd-ob\/wp-json\/wp\/v2\/tags?post=6394"},{"taxonomy":"quellen","embeddable":true,"href":"https:\/\/meier-gerdingh.de\/wp-spd-ob\/wp-json\/wp\/v2\/quellen?post=6394"}],"curies":[{"name":"wp","href":"https:\/\/api.w.org\/{rel}","templated":true}]}}