{"id":6396,"date":"2019-06-26T18:51:13","date_gmt":"2019-06-26T16:51:13","guid":{"rendered":"https:\/\/meier-gerdingh.de\/wp-spd-ob\/?p=6396"},"modified":"2019-06-26T20:26:19","modified_gmt":"2019-06-26T18:26:19","slug":"oberhausener-spd-laedt-ein-zum-40-sommerfest-in-den-kaisergarten","status":"publish","type":"post","link":"https:\/\/meier-gerdingh.de\/wp-spd-ob\/2019\/06\/26\/oberhausener-spd-laedt-ein-zum-40-sommerfest-in-den-kaisergarten\/","title":{"rendered":"Oberhausener SPD l\u00e4dt ein zum 40. Sommerfest in den Kaisergarten"},"content":{"rendered":"<p><a href=\"https:\/\/meier-gerdingh.de\/wp-spd-ob\/wp-content\/uploads\/2019\/06\/spd_sommerfest_2019.png\"><img decoding=\"async\" class=\"aligncenter size-full wp-image-6397\" src=\"https:\/\/meier-gerdingh.de\/wp-spd-ob\/wp-content\/uploads\/2019\/06\/spd_sommerfest_2019.png\" alt=\"\" width=\"720\" height=\"823\" srcset=\"https:\/\/meier-gerdingh.de\/wp-spd-ob\/wp-content\/uploads\/2019\/06\/spd_sommerfest_2019.png 720w, https:\/\/meier-gerdingh.de\/wp-spd-ob\/wp-content\/uploads\/2019\/06\/spd_sommerfest_2019-262x300.png 262w\" sizes=\"(max-width: 720px) 100vw, 720px\" \/><\/a>Das Familienfest der SPD im Kaisergarten geh\u00f6rt zu den gro\u00dfen Veranstaltungen in Oberhausen. Auch in diesem Jahr l\u00e4dt die Oberhausener SPD zu ihrem traditionellen Sommerfest ein. Es findet statt am <strong>Sonntag, 07.07.2019, von 12.00 bis 18.00 Uhr<\/strong>, auf der gro\u00dfen Wiese im Kaisergarten.<!--more--><\/p>\n<p>W\u00e4hrend sich die gro\u00dfe Wiese in eine bunte Festlandschaft verwandeln wird, wird auf der B\u00fchne ein abwechslungsreiches Programm geboten, welches Jung und Alt sowie Gro\u00df und Klein gleicherma\u00dfen gut unterhalten wird. Wie in den vergangenen Jahren wird es eine Leistungsschau <strong>Oberhausener Karnevalsvereine und Tanzgarden<\/strong> geben \u2013 angereichert von einigen sportlichen Auff\u00fchrungen. Besonders erw\u00e4hnenswert ist, dass der designierte <strong>Stadtprinz<\/strong> ein Stelldichein gibt.<\/p>\n<p>Da es sich beim diesj\u00e4hrigen Familienfest im Kaisergarten um das 40. Sommerfest der Oberhausener SPD handelt, wurde als besonderer Gast <strong>der diesj\u00e4hrige Gewinner der &#8222;Deutschland sucht den Superstar&#8220;-Staffel, der Oberhausener Davin Herbr\u00fcggen<\/strong>, f\u00fcr einen Auftritt gewonnen.<\/p>\n<p>Das Familienfest wird auch in diesem Jahr seinen Namen zu Recht tragen: nicht nur das B\u00fchnenprogramm ist familienfreundlich, sondern das gesamte Fest:<\/p>\n<p>F\u00fcr die Kleinen wird sich die gro\u00dfe Wiese im Kaisergarten in eine gro\u00dfe Erlebniswiese verwandeln: Von der <strong>Kletterwand<\/strong> \u00fcber den <strong>Menschenkicker<\/strong> bis hin zum <strong>Trampolin<\/strong>, wer eine sportliche Herausforderung sucht, ist beim Familienfest im Kaisergarten richtig. F\u00fcr diejenigen, die es etwas ruhiger angehen m\u00f6chten, stehen das <strong>Kinderkarussell<\/strong> oder eine <strong>H\u00fcpfburg<\/strong> bereit.<\/p>\n<p>Auch in diesem Jahr nehmen wieder <strong>viele Oberhausener Vereine, Verb\u00e4nde und Einrichtungen mit eigenen St\u00e4nden<\/strong> an dem Fest teil und stellen sich und ihre Arbeit vor. Rund um den gro\u00dfen See wird wieder ein <strong>Kunst- und Antikmarkt<\/strong> stattfinden. Erstmals wird es auch einen <strong>Kinder-Tr\u00f6delmarkt<\/strong> geben. Das Besondere ist, dass f\u00fcr die Kinder der Verkauf kostenfrei ist.<\/p>\n<p>Auch f\u00fcr das leibliche Wohl wird gesorgt \u2013 von internationalen Spezialit\u00e4ten \u00fcber Leckereien vom Grill bis hin zu Kuchen und Eis wird f\u00fcr jeden Geschmack etwas dabei sein.<\/p>\n<h3 class=\"spd-ob-module-headline spd-ob-program-ablauf\">Gut ankommen:<\/h3>\n<p>Bei gutem Wetter empfiehlt es sich, das Auto daheim zu lassen und eine <strong>Radtour<\/strong> in den Kaisergarten (entlang des Gr\u00fcnen Pfads vorbei am Gasometer) zu unternehmen. Am Eingang zum Fest steht eine <strong>Fahrradwache<\/strong> zur Verf\u00fcgung!<\/p>\n<p>Wer mit dem <strong>\u00d6PNV<\/strong> anreisen m\u00f6chte: vom Oberhausener Hauptbahnhof fahren die <strong>Linien 956 und 966<\/strong> bis <strong>zum Schloss Oberhausen<\/strong>.<\/p>\n<p>Wer mit dem <strong>PKW<\/strong> anreist, sollte die <strong>Parkm\u00f6glichkeiten im Gewerbegebiet am Kaisergarten &#8222;Max-Planck-Ring&#8220; und &#8222;Im Lipperfeld&#8220;<\/strong> nutzen. Im <strong>&#8222;Parkhaus 8&#8220; am CentrO<\/strong> kann ebenfalls geparkt werden. Wir bitten die Besucherinnen und Besucher darauf zu achten, dass die ausgeschilderten Parkpl\u00e4tze rund um den Kaisergarten geb\u00fchrenpflichtig sind.<\/p>\n<h3 class=\"spd-ob-module-headline spd-ob-program-ablauf\">Das Programm:<\/h3>\n<div class=\"spd-ob-program-row\">\n<div class=\"spd-ob-program-column spd-ob-program-left spd-ob-program-time\">12.00 &#8211; 12.05 Uhr<\/div>\n<div class=\"spd-ob-program-column spd-ob-program-right\">Einmarsch des 1. Traditionscorps der Oberhausener Fahnenschwenker<\/div>\n<\/div>\n<div class=\"spd-ob-program-row\">\n<div class=\"spd-ob-program-column spd-ob-program-left spd-ob-program-time\">12.05 &#8211; 12.15 Uhr<\/div>\n<div class=\"spd-ob-program-column spd-ob-program-right\">Er\u00f6ffnung des Familienfestes durch Dirk V\u00f6pel, Vorsitzender der Oberhausener SPD, und Manfred Flore<\/div>\n<\/div>\n<div class=\"spd-ob-program-row\">\n<div class=\"spd-ob-program-column spd-ob-program-left spd-ob-program-time\">12.15 &#8211; 12.20 Uhr<\/div>\n<div class=\"spd-ob-program-column spd-ob-program-right\">Auftritt 1. Traditionscorps der Oberhausener Fahnenschwenker<\/div>\n<\/div>\n<div class=\"spd-ob-program-row\">\n<div class=\"spd-ob-program-column spd-ob-program-left spd-ob-program-time\">12.20 &#8211; 12.35 Uhr<\/div>\n<div class=\"spd-ob-program-column spd-ob-program-right\">Auftritt der Latin Kids des Tanzsportclubs Schwarz Gold Oberhausen<\/div>\n<\/div>\n<div class=\"spd-ob-program-row\">\n<div class=\"spd-ob-program-column spd-ob-program-left spd-ob-program-time\">12.35 &#8211; 12.50 Uhr<\/div>\n<div class=\"spd-ob-program-column spd-ob-program-right\">Vorstellung des designierten Stadtprinzen Dirk Loege mit seinem Prinzenteam und dem Kinderprinzenpaar Talina Peters und Kai Liegmann<\/div>\n<\/div>\n<div class=\"spd-ob-program-row\">\n<div class=\"spd-ob-program-column spd-ob-program-left spd-ob-program-time\">12.50 &#8211; 13.00 Uhr<\/div>\n<div class=\"spd-ob-program-column spd-ob-program-right\">Radsportverein RSV Adler 1914 e.V.<\/div>\n<\/div>\n<div class=\"spd-ob-program-row\">\n<div class=\"spd-ob-program-column spd-ob-program-left spd-ob-program-time\">13.00 &#8211; 13.20 Uhr<\/div>\n<div class=\"spd-ob-program-column spd-ob-program-right\">Talkrunde mit den Oberhausener SPD-Abgeordneten in Bund und Land: Dirk V\u00f6pel MdB, Sonja Bongers MdL und Stefan Zimkeit MdL<\/div>\n<\/div>\n<div class=\"spd-ob-program-row\">\n<div class=\"spd-ob-program-column spd-ob-program-left spd-ob-program-time\">13.20 &#8211; 13.40 Uhr<\/div>\n<div class=\"spd-ob-program-column spd-ob-program-right\">Showtanz der KG &#8222;Blaue Funken&#8220;<\/div>\n<\/div>\n<div class=\"spd-ob-program-row\">\n<div class=\"spd-ob-program-column spd-ob-program-left spd-ob-program-time\">13.40 &#8211; 13.50 Uhr<\/div>\n<div class=\"spd-ob-program-column spd-ob-program-right\">Radsportverein RSV Adler 1914 e.V.<\/div>\n<\/div>\n<div class=\"spd-ob-program-row\">\n<div class=\"spd-ob-program-column spd-ob-program-left spd-ob-program-time\">13.50 \u2013 14.20 Uhr<\/div>\n<div class=\"spd-ob-program-column spd-ob-program-right\">Karatevorf\u00fchrung des Budo-Sport-Centers<\/div>\n<\/div>\n<div class=\"spd-ob-program-row\">\n<div class=\"spd-ob-program-column spd-ob-program-left spd-ob-program-time\">14.20 \u2013 14.40 Uhr<\/div>\n<div class=\"spd-ob-program-column spd-ob-program-right\">Showtanz der 1. Oberhausener Cheer- und Dance e.V.<\/div>\n<\/div>\n<div class=\"spd-ob-program-row\">\n<div class=\"spd-ob-program-column spd-ob-program-left spd-ob-program-time\">14.40 \u2013 14.55 Uhr<\/div>\n<div class=\"spd-ob-program-column spd-ob-program-right\">Auftritt der Tanzfreunde der Caritas Oberhausen<\/div>\n<\/div>\n<div class=\"spd-ob-program-row\">\n<div class=\"spd-ob-program-column spd-ob-program-left spd-ob-program-time\">14.55 \u2013 15.25 Uhr<\/div>\n<div class=\"spd-ob-program-column spd-ob-program-right\"><strong>Auftritt des DSDS-Gewinners 2019 DAVIN HERBR\u00dcGGEN<\/strong><\/div>\n<\/div>\n<div class=\"spd-ob-program-row\">\n<div class=\"spd-ob-program-column spd-ob-program-left spd-ob-program-time\">15.25 \u2013 15.30 Uhr<\/div>\n<div class=\"spd-ob-program-column spd-ob-program-right\">Auftritt Tanzmariechen &#8222;Emma&#8220; der KG Eisenheim ZickZack<\/div>\n<\/div>\n<div class=\"spd-ob-program-row\">\n<div class=\"spd-ob-program-column spd-ob-program-left spd-ob-program-time\">15.30 \u2013 16.00 Uhr<\/div>\n<div class=\"spd-ob-program-column spd-ob-program-right\">Musical-Ausschnitte des Ruhrpott-Pourie-Chors<\/div>\n<\/div>\n<div class=\"spd-ob-program-row\">\n<div class=\"spd-ob-program-column spd-ob-program-left spd-ob-program-time\">16.00 \u2013 16.15 Uhr<\/div>\n<div class=\"spd-ob-program-column spd-ob-program-right\">Showtanz der Senioren-Tanzgarde der KG Eisenheim Zickzack<\/div>\n<\/div>\n<div class=\"spd-ob-program-row\">\n<div class=\"spd-ob-program-column spd-ob-program-left spd-ob-program-time\">16.15 \u2013 16.30 Uhr<\/div>\n<div class=\"spd-ob-program-column spd-ob-program-right\">Showtanz der Kinder und Junioren der GOK<\/div>\n<\/div>\n<div class=\"spd-ob-program-row\">\n<div class=\"spd-ob-program-column spd-ob-program-left spd-ob-program-time\">16.30 \u2013 16.50 Uhr<\/div>\n<div class=\"spd-ob-program-column spd-ob-program-right\">Vorf\u00fchrung der &#8222;Artistic0&#8220; des TC 69<\/div>\n<\/div>\n<div class=\"spd-ob-program-row\">\n<div class=\"spd-ob-program-column spd-ob-program-left spd-ob-program-time\">16.50 \u2013 17.05 Uhr<\/div>\n<div class=\"spd-ob-program-column spd-ob-program-right\">Showtanz der Seniorengarde und des Tanzmariechen Paares der Gro\u00dfen Oberhausener Karnevalsgesellschaft<\/div>\n<\/div>\n<div class=\"spd-ob-program-row\">\n<div class=\"spd-ob-program-column spd-ob-program-left spd-ob-program-time\">17.05 \u2013 17.15 Uhr<\/div>\n<div class=\"spd-ob-program-column spd-ob-program-right\">Tanzdarbietung der Tanzschule Mettler<\/div>\n<\/div>\n<div class=\"spd-ob-program-row\">\n<div class=\"spd-ob-program-column spd-ob-program-left spd-ob-program-time\">17.15 \u2013 17.25 Uhr<\/div>\n<div class=\"spd-ob-program-column spd-ob-program-right\">Auftritt der LKG &#8222;Die M\u00fcllschlucker&#8220;<\/div>\n<\/div>\n<div class=\"spd-ob-program-row\">\n<div class=\"spd-ob-program-column spd-ob-program-left spd-ob-program-time\">17.25 \u2013 17.35 Uhr<\/div>\n<div class=\"spd-ob-program-column spd-ob-program-right\">Tanzdarbietung der Tanzschule Mettler<\/div>\n<\/div>\n<div class=\"spd-ob-program-row\">\n<div class=\"spd-ob-program-column spd-ob-program-left spd-ob-program-time\">17.35 \u2013 17.55 Uhr<\/div>\n<div class=\"spd-ob-program-column spd-ob-program-right\">Inklusive und Kindertanzgarde der Alstadener B\u00e4ren<\/div>\n<\/div>\n<div class=\"spd-ob-program-row\">\n<div class=\"spd-ob-program-column spd-ob-program-left spd-ob-program-time\">ab 17.55 Uhr<\/div>\n<div class=\"spd-ob-program-column spd-ob-program-right\">Musik zum Ausklang<\/div>\n<\/div>\n","protected":false},"excerpt":{"rendered":"<p>Das Familienfest der SPD im Kaisergarten geh\u00f6rt zu den gro\u00dfen Veranstaltungen in Oberhausen. Auch in diesem Jahr l\u00e4dt die Oberhausener SPD zu ihrem traditionellen Sommerfest ein. Es findet statt am&hellip; <\/p>\n","protected":false},"author":1,"featured_media":0,"comment_status":"closed","ping_status":"closed","sticky":false,"template":"","format":"standard","meta":{"footnotes":""},"categories":[173,171],"tags":[22,86,818],"quellen":[327],"class_list":["post-6396","post","type-post","status-publish","format-standard","hentry","category-parteileben","category-veranstaltungen","tag-kaisergarten","tag-spd-familienfest","tag-spd-sommerfest","quellen-spd-unterbezirk-oberhausen"],"_links":{"self":[{"href":"https:\/\/meier-gerdingh.de\/wp-spd-ob\/wp-json\/wp\/v2\/posts\/6396","targetHints":{"allow":["GET"]}}],"collection":[{"href":"https:\/\/meier-gerdingh.de\/wp-spd-ob\/wp-json\/wp\/v2\/posts"}],"about":[{"href":"https:\/\/meier-gerdingh.de\/wp-spd-ob\/wp-json\/wp\/v2\/types\/post"}],"author":[{"embeddable":true,"href":"https:\/\/meier-gerdingh.de\/wp-spd-ob\/wp-json\/wp\/v2\/users\/1"}],"replies":[{"embeddable":true,"href":"https:\/\/meier-gerdingh.de\/wp-spd-ob\/wp-json\/wp\/v2\/comments?post=6396"}],"version-history":[{"count":0,"href":"https:\/\/meier-gerdingh.de\/wp-spd-ob\/wp-json\/wp\/v2\/posts\/6396\/revisions"}],"wp:attachment":[{"href":"https:\/\/meier-gerdingh.de\/wp-spd-ob\/wp-json\/wp\/v2\/media?parent=6396"}],"wp:term":[{"taxonomy":"category","embeddable":true,"href":"https:\/\/meier-gerdingh.de\/wp-spd-ob\/wp-json\/wp\/v2\/categories?post=6396"},{"taxonomy":"post_tag","embeddable":true,"href":"https:\/\/meier-gerdingh.de\/wp-spd-ob\/wp-json\/wp\/v2\/tags?post=6396"},{"taxonomy":"quellen","embeddable":true,"href":"https:\/\/meier-gerdingh.de\/wp-spd-ob\/wp-json\/wp\/v2\/quellen?post=6396"}],"curies":[{"name":"wp","href":"https:\/\/api.w.org\/{rel}","templated":true}]}}