{"id":641,"date":"2008-08-26T16:00:00","date_gmt":"2008-08-26T14:00:00","guid":{"rendered":"http:\/\/www.meier-gerdingh.de\/spd-oberhausen\/wp\/?p=641"},"modified":"2017-05-14T14:52:13","modified_gmt":"2017-05-14T12:52:13","slug":"spd-fordert-zusaetzliche-informationen","status":"publish","type":"post","link":"https:\/\/meier-gerdingh.de\/wp-spd-ob\/2008\/08\/26\/spd-fordert-zusaetzliche-informationen\/","title":{"rendered":"SPD fordert zus\u00e4tzliche Informationen"},"content":{"rendered":"<div style=\"width: 150px\" class=\"wp-caption alignleft\"><a href=\"http:\/\/meier-gerdingh.de\/wp-spd-ob\/wp-content\/uploads\/grosse_broemer_wolfgang.jpg\"><img decoding=\"async\" class=\"size-full\" src=\"http:\/\/meier-gerdingh.de\/wp-spd-ob\/wp-content\/uploads\/grosse_broemer_wolfgang.jpg\" alt=\"Wolfgang Gro\u00dfe Br\u00f6mer ist Vorsitzender der SPD-Ratsfraktion und Mitglied des Landtags von Nordrhein-Westfalen\" width=\"140\" height=\"191\" \/><\/a><p class=\"wp-caption-text\">Wolfgang Gro\u00dfe Br\u00f6mer ist Vorsitzender der SPD-Ratsfraktion und Mitglied des Landtags von Nordrhein-Westfalen<\/p><\/div>\n<p>Vor dem Hintergrund der aktuellen B\u00fcrgerproteste hat sich die SPD-Fraktion in ihrer gestrigen Sitzung erneut mit der Ansiedlung eines R\u00f6hren-Logistikcenters auf dem Waldteich-Gel\u00e4nde besch\u00e4ftigt. Dabei h\u00e4lt die SPD-Fraktion an ihrer Grundsatzentscheidung fest, im Interesse der weiteren wirtschaftlichen Entwicklung Oberhausens die rechtlichen Voraussetzungen f\u00fcr die Ansiedlung von Thyssen-Krupp-Materials auf dem Waldteichgel\u00e4nde zu schaffen. &#8222;Allerdings nehmen wir auch die Sorgen und N\u00f6te der B\u00fcrgerinnen und B\u00fcrger im Umfeld der geplanten Ansiedlung sehr ernst und m\u00f6chten daher im Rahmen des eingeleiteten Planverfahrens weitere Antworten auf bestehende Fragen&#8220;, so der Fraktionsvorsitzende Wolfgang Gro\u00dfe Br\u00f6mer.<!--more--><\/p>\n<p>Mit einem entsprechenden Antrag soll daher der f\u00fcr den 08.\u00a0September vorgesehene Offenlagebeschluss des Bebauungsplanes begleitet werden, so der einstimmige Fraktionsbeschluss. Mit insgesamt 4 Punkten erhoffen sich die Sozialdemokraten eine noch intensivere Beteiligung und Aufkl\u00e4rung der B\u00fcrgerinnen und B\u00fcrger.<\/p>\n<p>So soll die Verwaltung in eigener Zust\u00e4ndigkeit ein erg\u00e4nzendes Verkehrsgutachten beauftragen. Die B\u00fcrgerinitiativen sollen in den Auswahlprozess des Gutachters unmittelbar einbezogen werden.<\/p>\n<p>In einem zweiten Punkt fordert die SPD-Fraktion die Vorlage eines intelligenten Verkehrsf\u00fchrungskonzeptes, das Schleich- und Abk\u00fcrzungsverkehre von schweren LKWs im Umfeld des geplanten Logistikcenters ausschlie\u00dft und die Bedeutung der A 3 mit der Anschlussstelle Oberhausen-Holten als Haupterschlie\u00dfung unterstreicht.<\/p>\n<p>Auch die Forderung nach einem zus\u00e4tzlichen Autobahnanschluss soll erneut und umfassend \u00fcberpr\u00fcft werden. Auf Basis einer Kostenermittlung soll mit den zust\u00e4ndigen Stellen auf Landes- und Bundesebene ein Realisierungsszenario abgestimmt werden.<\/p>\n<p>Als letzten wichtigen Punkt haben sich die Sozialdemokraten darauf verst\u00e4ndigt, die Verwaltung der Stadt zu beauftragen, in enger Abstimmung mit dem Investor sicherzustellen, dass vor einer endg\u00fcltigen Ratsentscheidung zum Satzungsbeschluss des Bebauungsplanes keine Fakten geschaffen werden und Baut\u00e4tigkeiten auf dem Gel\u00e4nde unterbleiben.<\/p>\n","protected":false},"excerpt":{"rendered":"<p>Vor dem Hintergrund der aktuellen B\u00fcrgerproteste hat sich die SPD-Fraktion in ihrer gestrigen Sitzung erneut mit der Ansiedlung eines R\u00f6hren-Logistikcenters auf dem Waldteich-Gel\u00e4nde besch\u00e4ftigt. Dabei h\u00e4lt die SPD-Fraktion an ihrer&hellip; <\/p>\n","protected":false},"author":1,"featured_media":0,"comment_status":"closed","ping_status":"closed","sticky":false,"template":"","format":"standard","meta":{"footnotes":""},"categories":[1],"tags":[],"quellen":[],"class_list":["post-641","post","type-post","status-publish","format-standard","hentry","category-allgemein"],"_links":{"self":[{"href":"https:\/\/meier-gerdingh.de\/wp-spd-ob\/wp-json\/wp\/v2\/posts\/641","targetHints":{"allow":["GET"]}}],"collection":[{"href":"https:\/\/meier-gerdingh.de\/wp-spd-ob\/wp-json\/wp\/v2\/posts"}],"about":[{"href":"https:\/\/meier-gerdingh.de\/wp-spd-ob\/wp-json\/wp\/v2\/types\/post"}],"author":[{"embeddable":true,"href":"https:\/\/meier-gerdingh.de\/wp-spd-ob\/wp-json\/wp\/v2\/users\/1"}],"replies":[{"embeddable":true,"href":"https:\/\/meier-gerdingh.de\/wp-spd-ob\/wp-json\/wp\/v2\/comments?post=641"}],"version-history":[{"count":0,"href":"https:\/\/meier-gerdingh.de\/wp-spd-ob\/wp-json\/wp\/v2\/posts\/641\/revisions"}],"wp:attachment":[{"href":"https:\/\/meier-gerdingh.de\/wp-spd-ob\/wp-json\/wp\/v2\/media?parent=641"}],"wp:term":[{"taxonomy":"category","embeddable":true,"href":"https:\/\/meier-gerdingh.de\/wp-spd-ob\/wp-json\/wp\/v2\/categories?post=641"},{"taxonomy":"post_tag","embeddable":true,"href":"https:\/\/meier-gerdingh.de\/wp-spd-ob\/wp-json\/wp\/v2\/tags?post=641"},{"taxonomy":"quellen","embeddable":true,"href":"https:\/\/meier-gerdingh.de\/wp-spd-ob\/wp-json\/wp\/v2\/quellen?post=641"}],"curies":[{"name":"wp","href":"https:\/\/api.w.org\/{rel}","templated":true}]}}