{"id":6410,"date":"2019-06-27T18:18:06","date_gmt":"2019-06-27T16:18:06","guid":{"rendered":"https:\/\/meier-gerdingh.de\/wp-spd-ob\/?p=6410"},"modified":"2019-06-27T18:27:36","modified_gmt":"2019-06-27T16:27:36","slug":"telli-thematisiert-mangel-an-toiletten-im-oeffentlichen-raum","status":"publish","type":"post","link":"https:\/\/meier-gerdingh.de\/wp-spd-ob\/2019\/06\/27\/telli-thematisiert-mangel-an-toiletten-im-oeffentlichen-raum\/","title":{"rendered":"Ercan Telli thematisiert Mangel an Toiletten im \u00f6ffentlichen Raum"},"content":{"rendered":"<div id=\"attachment_6411\" style=\"width: 190px\" class=\"wp-caption alignleft\"><a href=\"https:\/\/meier-gerdingh.de\/wp-spd-ob\/wp-content\/uploads\/2019\/06\/14_telli_ercan_1000.jpg\"><img aria-describedby=\"caption-attachment-6411\" decoding=\"async\" class=\"size-full wp-image-6411\" src=\"https:\/\/meier-gerdingh.de\/wp-spd-ob\/wp-content\/uploads\/2019\/06\/14_telli_ercan.jpg\" alt=\"\" width=\"180\" height=\"180\" srcset=\"https:\/\/meier-gerdingh.de\/wp-spd-ob\/wp-content\/uploads\/2019\/06\/14_telli_ercan.jpg 180w, https:\/\/meier-gerdingh.de\/wp-spd-ob\/wp-content\/uploads\/2019\/06\/14_telli_ercan-150x150.jpg 150w\" sizes=\"(max-width: 180px) 100vw, 180px\" \/><\/a><p id=\"caption-attachment-6411\" class=\"wp-caption-text\">Ercan Telli ist sozialpolitischer Sprecher der SPD-Fraktion<\/p><\/div>\n<p>Mit dem Mangel an WC-Anlagen im \u00f6ffentlichen Raum befasst sich eine Anfrage des SPD-Stadtverordneten Ercan Telli. Das Konzept &#8222;Die nette Toilette&#8220;, in dem Gastronomen ihre WC-Anlagen f\u00fcr die \u00d6ffentlichkeit \u00f6ffnen und daf\u00fcr Zusch\u00fcsse f\u00fcr die Reinigung erhalten, wurde in Oberhausen zuletzt 2016 thematisiert, aber letztendlich nicht weiterverfolgt.<\/p>\n<p>&#8222;Antworten aus unserer Gro\u00dfen Anfrage &#8217;60+&#8216; lassen darauf schlie\u00dfen, dass gerade \u00e4ltere Mitb\u00fcrgerinnen und Mitb\u00fcrger mit der Situation sehr unzufrieden sind&#8220;, erkl\u00e4rt Telli. &#8222;Dass die Fitness-Anlage im K\u00f6nigsh\u00fctter Park so schlecht angenommen wird, k\u00f6nnte auch an fehlenden Toiletten liegen&#8220;, so der sozialpolitische Sprecher der SPD-Fraktion. &#8222;Zudem erreichen uns immer wieder Beschwerden \u00fcber fehlende WC-Anlagen im Umfeld von \u00f6ffentlichen Einrichtungen wie zum Beispiel Friedh\u00f6fen.&#8220;<!--more--><\/p>\n<p>&#8222;Wir wollen nun zum einen wissen, was aus dem Projekt &#8217;nette Toilette&#8216;, das in mehr als 270 St\u00e4dten und Gemeinden Deutschlands funktioniert, geworden ist&#8220;, erkl\u00e4rt Telli. &#8222;Zum anderen wollen wir Zahlen und Fakten haben: Wie viele \u00f6ffentliche Toiletten gibt es in Oberhausen, welche Nutzungsm\u00f6glichkeiten haben speziell Seniorinnen und Senioren sowie Menschen mit Behinderung, und welche L\u00f6sungsans\u00e4tze sieht die Verwaltung f\u00fcr dieses Problem&#8220;, fasst Telli zusammen.<\/p>\n","protected":false},"excerpt":{"rendered":"<p>Mit dem Mangel an WC-Anlagen im \u00f6ffentlichen Raum befasst sich eine Anfrage des SPD-Stadtverordneten Ercan Telli. Das Konzept &#8222;Die nette Toilette&#8220;, in dem Gastronomen ihre WC-Anlagen f\u00fcr die \u00d6ffentlichkeit \u00f6ffnen&hellip; <\/p>\n","protected":false},"author":1,"featured_media":0,"comment_status":"closed","ping_status":"closed","sticky":false,"template":"","format":"standard","meta":{"footnotes":""},"categories":[29],"tags":[1483,135,1978,1977],"quellen":[326],"class_list":["post-6410","post","type-post","status-publish","format-standard","hentry","category-umwelt","tag-grosse-anfrage-senioren","tag-kleine-anfrage","tag-oeffentliche-wc-anlagen","tag-schriftliche-anfrage","quellen-spd-fraktion-oberhausen"],"_links":{"self":[{"href":"https:\/\/meier-gerdingh.de\/wp-spd-ob\/wp-json\/wp\/v2\/posts\/6410","targetHints":{"allow":["GET"]}}],"collection":[{"href":"https:\/\/meier-gerdingh.de\/wp-spd-ob\/wp-json\/wp\/v2\/posts"}],"about":[{"href":"https:\/\/meier-gerdingh.de\/wp-spd-ob\/wp-json\/wp\/v2\/types\/post"}],"author":[{"embeddable":true,"href":"https:\/\/meier-gerdingh.de\/wp-spd-ob\/wp-json\/wp\/v2\/users\/1"}],"replies":[{"embeddable":true,"href":"https:\/\/meier-gerdingh.de\/wp-spd-ob\/wp-json\/wp\/v2\/comments?post=6410"}],"version-history":[{"count":0,"href":"https:\/\/meier-gerdingh.de\/wp-spd-ob\/wp-json\/wp\/v2\/posts\/6410\/revisions"}],"wp:attachment":[{"href":"https:\/\/meier-gerdingh.de\/wp-spd-ob\/wp-json\/wp\/v2\/media?parent=6410"}],"wp:term":[{"taxonomy":"category","embeddable":true,"href":"https:\/\/meier-gerdingh.de\/wp-spd-ob\/wp-json\/wp\/v2\/categories?post=6410"},{"taxonomy":"post_tag","embeddable":true,"href":"https:\/\/meier-gerdingh.de\/wp-spd-ob\/wp-json\/wp\/v2\/tags?post=6410"},{"taxonomy":"quellen","embeddable":true,"href":"https:\/\/meier-gerdingh.de\/wp-spd-ob\/wp-json\/wp\/v2\/quellen?post=6410"}],"curies":[{"name":"wp","href":"https:\/\/api.w.org\/{rel}","templated":true}]}}