{"id":6418,"date":"2019-07-01T21:03:20","date_gmt":"2019-07-01T19:03:20","guid":{"rendered":"https:\/\/meier-gerdingh.de\/wp-spd-ob\/?p=6418"},"modified":"2019-07-02T21:05:15","modified_gmt":"2019-07-02T19:05:15","slug":"osterfelder-spd-laedt-ein-zur-oeffentlichen-podiumsdiskussion","status":"publish","type":"post","link":"https:\/\/meier-gerdingh.de\/wp-spd-ob\/2019\/07\/01\/osterfelder-spd-laedt-ein-zur-oeffentlichen-podiumsdiskussion\/","title":{"rendered":"Osterfelder SPD l\u00e4dt ein zur \u00f6ffentlichen Podiumsdiskussion"},"content":{"rendered":"<p>Unter dem Motto &#8222;Was kommt nach Hartz IV?&#8220; m\u00f6chten die Sozialdemokratinnen und Sozialdemokraten mit B\u00fcrgerinnen und B\u00fcrgern unter anderem \u00fcber Chancen und Schutz in der neuen Arbeitswelt, die Kindergrundsicherung und das B\u00fcrgergeld diskutieren. <\/p>\n<p>Im Podium des Abends setzen sich Sarah Phillip (MdL und parlamentarische Gesch\u00e4ftsf\u00fchrerin der SPD-Landtagsfraktion), Dieter Hillebrand (Gesch\u00e4ftsf\u00fchrer DGB-Region MEO) und Gianni Virgallita (Juso UB-Vorsitzender Oberhausen) mit dem Konzept der Bundes-SPD zum &#8222;Sozialstaat f\u00fcr eine neue Zeit&#8220; kritisch auseinander.<\/p>\n<p>Stattfinden wird die Podiumsdiskussion am <strong>Mittwoch, 3. Juli 2019, 18.00 Uhr, in der evangelischen Apostelkirche auf dem Tackenberg, Dorstener Str. 406, 46119 Oberhausen<\/strong>.<!--more--><\/p>\n<p>Die Sozialdemokratinnen und Sozialdemokraten freuen sich auf eine rege inhaltliche Diskussion.<\/p>\n<p>Interessierte B\u00fcrgerinnen und B\u00fcrger sind herzlich eingeladen.<\/p>\n","protected":false},"excerpt":{"rendered":"<p>Unter dem Motto &#8222;Was kommt nach Hartz IV?&#8220; m\u00f6chten die Sozialdemokratinnen und Sozialdemokraten mit B\u00fcrgerinnen und B\u00fcrgern unter anderem \u00fcber Chancen und Schutz in der neuen Arbeitswelt, die Kindergrundsicherung und&hellip; <\/p>\n","protected":false},"author":1,"featured_media":0,"comment_status":"closed","ping_status":"closed","sticky":false,"template":"","format":"standard","meta":{"footnotes":""},"categories":[174,171],"tags":[1986,741,1985,1984,1983],"quellen":[339],"class_list":["post-6418","post","type-post","status-publish","format-standard","hentry","category-arbeit-und-soziales","category-veranstaltungen","tag-buergergeld","tag-hartz-iv","tag-kindergrundsicherung","tag-podiumsdiskussion","tag-sozialstaat","quellen-ov-osterfeld"],"_links":{"self":[{"href":"https:\/\/meier-gerdingh.de\/wp-spd-ob\/wp-json\/wp\/v2\/posts\/6418","targetHints":{"allow":["GET"]}}],"collection":[{"href":"https:\/\/meier-gerdingh.de\/wp-spd-ob\/wp-json\/wp\/v2\/posts"}],"about":[{"href":"https:\/\/meier-gerdingh.de\/wp-spd-ob\/wp-json\/wp\/v2\/types\/post"}],"author":[{"embeddable":true,"href":"https:\/\/meier-gerdingh.de\/wp-spd-ob\/wp-json\/wp\/v2\/users\/1"}],"replies":[{"embeddable":true,"href":"https:\/\/meier-gerdingh.de\/wp-spd-ob\/wp-json\/wp\/v2\/comments?post=6418"}],"version-history":[{"count":0,"href":"https:\/\/meier-gerdingh.de\/wp-spd-ob\/wp-json\/wp\/v2\/posts\/6418\/revisions"}],"wp:attachment":[{"href":"https:\/\/meier-gerdingh.de\/wp-spd-ob\/wp-json\/wp\/v2\/media?parent=6418"}],"wp:term":[{"taxonomy":"category","embeddable":true,"href":"https:\/\/meier-gerdingh.de\/wp-spd-ob\/wp-json\/wp\/v2\/categories?post=6418"},{"taxonomy":"post_tag","embeddable":true,"href":"https:\/\/meier-gerdingh.de\/wp-spd-ob\/wp-json\/wp\/v2\/tags?post=6418"},{"taxonomy":"quellen","embeddable":true,"href":"https:\/\/meier-gerdingh.de\/wp-spd-ob\/wp-json\/wp\/v2\/quellen?post=6418"}],"curies":[{"name":"wp","href":"https:\/\/api.w.org\/{rel}","templated":true}]}}