{"id":6429,"date":"2019-07-09T17:40:24","date_gmt":"2019-07-09T15:40:24","guid":{"rendered":"https:\/\/meier-gerdingh.de\/wp-spd-ob\/?p=6429"},"modified":"2019-07-12T15:16:49","modified_gmt":"2019-07-12T13:16:49","slug":"spd-greift-wuensche-der-senioren-auf","status":"publish","type":"post","link":"https:\/\/meier-gerdingh.de\/wp-spd-ob\/2019\/07\/09\/spd-greift-wuensche-der-senioren-auf\/","title":{"rendered":"SPD greift W\u00fcnsche der Senioren auf"},"content":{"rendered":"<div id=\"attachment_6411\" style=\"width: 190px\" class=\"wp-caption alignleft\"><a href=\"https:\/\/meier-gerdingh.de\/wp-spd-ob\/wp-content\/uploads\/2019\/06\/14_telli_ercan_1000.jpg\"><img aria-describedby=\"caption-attachment-6411\" decoding=\"async\" class=\"size-full wp-image-6411\" src=\"https:\/\/meier-gerdingh.de\/wp-spd-ob\/wp-content\/uploads\/2019\/06\/14_telli_ercan.jpg\" alt=\"\" width=\"180\" height=\"180\" srcset=\"https:\/\/meier-gerdingh.de\/wp-spd-ob\/wp-content\/uploads\/2019\/06\/14_telli_ercan.jpg 180w, https:\/\/meier-gerdingh.de\/wp-spd-ob\/wp-content\/uploads\/2019\/06\/14_telli_ercan-150x150.jpg 150w\" sizes=\"(max-width: 180px) 100vw, 180px\" \/><\/a><p id=\"caption-attachment-6411\" class=\"wp-caption-text\">Ercan Telli ist sozialpolitischer Sprecher der SPD-Fraktion<\/p><\/div>\n<p>Einstimmig hat der Rat am Montag einen Antrag zur konkreten Umsetzung der Alten- und Pflegeplanung verabschiedet. Den gemeinsamen \u00c4nderungsantrag hatten unter anderem SPD, CDU und Gr\u00fcne eingebracht.<\/p>\n<p>Der Antrag, den die SPD in die Diskussion eingebracht hatte, fu\u00dft auf der Ermittlung des Bedarfs gem\u00e4\u00df des Alten- und Pflegegesetzes NRW. Dies ist die Arbeitsgrundlage f\u00fcr die Ausrichtung und Entwicklung der Angebote vor Ort. &#8222;Und nat\u00fcrlich haben wir auch mit Seniorinnen und Senioren diskutiert, um deren Bed\u00fcrfnisse besser kennenzulernen&#8220;, erkl\u00e4rt Ercan Telli, Sozialpolitischer Sprecher der SPD-Fraktion.<!--more--><\/p>\n<p>Klar sei, dass immer mehr Menschen auch im hohen Alter \u2013 wenn m\u00f6glich \u2013 in den eigenen vier W\u00e4nden leben wollen. &#8222;Darauf m\u00fcssen wir reagieren, zum Beispiel mit mehr Kurz- und Tagespflegepl\u00e4tzen&#8220;, pl\u00e4diert Telli. &#8222;Die brauchen wir \u00fcbrigens auch f\u00fcr junge Menschen, die auf Hilfe angewiesen sind.&#8220; Auch das Angebot an Demenz-Wohngemeinschaften ist auszubauen, das bisherige Angebot soll zukunftsorientiert und bedarfsgerecht angepasst werden.<\/p>\n<p>Um auf den Wunsch vieler Menschen, m\u00f6glichst lange zu Hause zu wohnen, zu reagieren, muss nach Ansicht der Sozialdemokraten auch die Wohnberatung in Oberhausen ausgebaut werden. &#8222;Dort wird eine wichtige Arbeit geleistet, aber sie wird noch zu wenig nachgefragt und muss zudem personell besser aufgestellt werden&#8220;, erkl\u00e4rt Telli. An dieser Stelle w\u00fcrden Seniorinnen und Senioren schlie\u00dflich erfahren, wie Wohnungen altersgerecht umgebaut werden k\u00f6nnen und welche F\u00f6rdermittel flie\u00dfen. Den sechs Quartiersb\u00fcros im Oberhausener Stadtgebiet soll bei der Aufkl\u00e4rung und Information eine wichtige Rolle zukommen.<\/p>\n<p>Die Verwaltung ist nun beauftragt, Handlungsempfehlungen zu erarbeiten und diese bis zum Ende des Jahres dem Rat zur Beschlussfassung vorzulegen. &#8222;Dies ist ein weiterer, wichtiger Baustein f\u00fcr die soziale Teilhabe von Seniorinnen und Senioren in Oberhausen&#8220;, so Ercan Telli.<\/p>\n","protected":false},"excerpt":{"rendered":"<p>Einstimmig hat der Rat am Montag einen Antrag zur konkreten Umsetzung der Alten- und Pflegeplanung verabschiedet. Den gemeinsamen \u00c4nderungsantrag hatten unter anderem SPD, CDU und Gr\u00fcne eingebracht. Der Antrag, den&hellip; <\/p>\n","protected":false},"author":1,"featured_media":0,"comment_status":"closed","ping_status":"closed","sticky":false,"template":"","format":"standard","meta":{"footnotes":""},"categories":[854],"tags":[1989,1592,1992,1993,472,1991,1648,1415,401,1990],"quellen":[326],"class_list":["post-6429","post","type-post","status-publish","format-standard","hentry","category-senioren","tag-alten-und-pflegeplanung","tag-altenpflege","tag-demenz","tag-demenz-wohngemeinschaften","tag-pflege","tag-quartiersbuero","tag-rat-der-stadt","tag-ratsantrag","tag-tagespflege","tag-wohnen-im-alter","quellen-spd-fraktion-oberhausen"],"_links":{"self":[{"href":"https:\/\/meier-gerdingh.de\/wp-spd-ob\/wp-json\/wp\/v2\/posts\/6429","targetHints":{"allow":["GET"]}}],"collection":[{"href":"https:\/\/meier-gerdingh.de\/wp-spd-ob\/wp-json\/wp\/v2\/posts"}],"about":[{"href":"https:\/\/meier-gerdingh.de\/wp-spd-ob\/wp-json\/wp\/v2\/types\/post"}],"author":[{"embeddable":true,"href":"https:\/\/meier-gerdingh.de\/wp-spd-ob\/wp-json\/wp\/v2\/users\/1"}],"replies":[{"embeddable":true,"href":"https:\/\/meier-gerdingh.de\/wp-spd-ob\/wp-json\/wp\/v2\/comments?post=6429"}],"version-history":[{"count":0,"href":"https:\/\/meier-gerdingh.de\/wp-spd-ob\/wp-json\/wp\/v2\/posts\/6429\/revisions"}],"wp:attachment":[{"href":"https:\/\/meier-gerdingh.de\/wp-spd-ob\/wp-json\/wp\/v2\/media?parent=6429"}],"wp:term":[{"taxonomy":"category","embeddable":true,"href":"https:\/\/meier-gerdingh.de\/wp-spd-ob\/wp-json\/wp\/v2\/categories?post=6429"},{"taxonomy":"post_tag","embeddable":true,"href":"https:\/\/meier-gerdingh.de\/wp-spd-ob\/wp-json\/wp\/v2\/tags?post=6429"},{"taxonomy":"quellen","embeddable":true,"href":"https:\/\/meier-gerdingh.de\/wp-spd-ob\/wp-json\/wp\/v2\/quellen?post=6429"}],"curies":[{"name":"wp","href":"https:\/\/api.w.org\/{rel}","templated":true}]}}