{"id":643,"date":"2008-09-10T16:00:00","date_gmt":"2008-09-10T14:00:00","guid":{"rendered":"http:\/\/www.meier-gerdingh.de\/spd-oberhausen\/wp\/?p=643"},"modified":"2017-05-14T14:51:45","modified_gmt":"2017-05-14T12:51:45","slug":"schranz-soll-sich-bei-karlheinz-merzig-entschuldigen","status":"publish","type":"post","link":"https:\/\/meier-gerdingh.de\/wp-spd-ob\/2008\/09\/10\/schranz-soll-sich-bei-karlheinz-merzig-entschuldigen\/","title":{"rendered":"Schranz soll sich bei Karlheinz Merzig entschuldigen"},"content":{"rendered":"<div style=\"width: 150px\" class=\"wp-caption alignleft\"><a href=\"http:\/\/meier-gerdingh.de\/wp-spd-ob\/wp-content\/uploads\/grosse_broemer_wolfgang.jpg\"><img decoding=\"async\" class=\"size-full\" src=\"http:\/\/meier-gerdingh.de\/wp-spd-ob\/wp-content\/uploads\/grosse_broemer_wolfgang.jpg\" alt=\"\" width=\"140\" height=\"191\" \/><\/a><p class=\"wp-caption-text\">Wolfgang Gro\u00dfe Br\u00f6mer<\/p><\/div>\n<p>Als inhaltlich v\u00f6llig unbegr\u00fcndet und in der Form nicht akzeptabel weist Wolfgang Gro\u00dfe Br\u00f6mer in seiner Funktion als Vorsitzender des Verwaltungsrates der Stadtsparkasse Oberhausen die CDU-Kritik an dem Verdi-Pressegespr\u00e4ch zum geplanten Sparkassengesetz zur\u00fcck. Gro\u00dfe Br\u00f6mer: &#8222;Karlheinz Merzig hat nicht nur das Recht, sondern sogar die Pflicht, als Vorstand vor der Gef\u00e4hrdung &#8222;seiner&#8220; Sparkasse durch das Sparkassengesetz der Regierung R\u00fcttgers zu warnen!&#8220;<!--more--><\/p>\n<p>Er stehe mit seiner Position voll im Einklang mit den kritischen Stellungnahmen des Sparkassenverbandes und der kommunalen Spitzenverb\u00e4nde, die sich alle gegen die im Gesetz enthaltene Tendenz zur Privatisierung der Sparkassenlandschaft wenden. Merzig verdiene deshalb das volle Vertrauen des gesamten Sparkassen-Verwaltungsrates.<\/p>\n<p>&#8222;Verdi, Handwerker, Wohlfahrtsverb\u00e4nde, die Besch\u00e4ftigten, die sozialdemokratischen Landtagsabgeordneten und der Vorstand der Stadtsparkasse sind sich darin einig, dass dieses Sparkassengesetz nicht realisiert werden darf&#8220;, so Gro\u00dfe Br\u00f6mer weiter.<\/p>\n<p>In anderen St\u00e4dten und Gemeinden h\u00e4tten viele CDU-Fraktionen den Mut besessen, in Resolutionen Stellung gegen den Gesetzentwurf der Regierung zu beziehen. Anstatt wieder einmal zu kneifen und das Heil in Ablenkungsstrategien nach dem Motto &#8222;Angriff ist die beste Verteidigung&#8220; zu suchen, fordert Gro\u00dfe Br\u00f6mer die Oberhausener CDU auf, endlich auch Farbe zu bekennen und Stellung gegen das geplante Landesgesetz zu beziehen.<\/p>\n<p>&#8222;Es w\u00e4re sehr traurig, wenn in der Bev\u00f6lkerung der Verdacht entst\u00fcnde, dass die \u00f6rtliche CDU sich eher vor den Karren der eigenen Landesregierung stellt, als dass sie Oberhausener Interessen vertritt&#8220;, so Gro\u00dfe Br\u00f6mer. Au\u00dferdem fordert er von CDU-Fraktionschef Daniel Schranz, sich \u00f6ffentlich bei Karlheinz Merzig f\u00fcr die haltlosen Vorw\u00fcrfe zu entschuldigen. Das sei nicht nur eine Frage des Stils, sondern eine Frage des gebotenen Anstands.<\/p>\n","protected":false},"excerpt":{"rendered":"<p>Als inhaltlich v\u00f6llig unbegr\u00fcndet und in der Form nicht akzeptabel weist Wolfgang Gro\u00dfe Br\u00f6mer in seiner Funktion als Vorsitzender des Verwaltungsrates der Stadtsparkasse Oberhausen die CDU-Kritik an dem Verdi-Pressegespr\u00e4ch zum&hellip; <\/p>\n","protected":false},"author":1,"featured_media":0,"comment_status":"closed","ping_status":"closed","sticky":false,"template":"","format":"standard","meta":{"footnotes":""},"categories":[1],"tags":[],"quellen":[],"class_list":["post-643","post","type-post","status-publish","format-standard","hentry","category-allgemein"],"_links":{"self":[{"href":"https:\/\/meier-gerdingh.de\/wp-spd-ob\/wp-json\/wp\/v2\/posts\/643","targetHints":{"allow":["GET"]}}],"collection":[{"href":"https:\/\/meier-gerdingh.de\/wp-spd-ob\/wp-json\/wp\/v2\/posts"}],"about":[{"href":"https:\/\/meier-gerdingh.de\/wp-spd-ob\/wp-json\/wp\/v2\/types\/post"}],"author":[{"embeddable":true,"href":"https:\/\/meier-gerdingh.de\/wp-spd-ob\/wp-json\/wp\/v2\/users\/1"}],"replies":[{"embeddable":true,"href":"https:\/\/meier-gerdingh.de\/wp-spd-ob\/wp-json\/wp\/v2\/comments?post=643"}],"version-history":[{"count":0,"href":"https:\/\/meier-gerdingh.de\/wp-spd-ob\/wp-json\/wp\/v2\/posts\/643\/revisions"}],"wp:attachment":[{"href":"https:\/\/meier-gerdingh.de\/wp-spd-ob\/wp-json\/wp\/v2\/media?parent=643"}],"wp:term":[{"taxonomy":"category","embeddable":true,"href":"https:\/\/meier-gerdingh.de\/wp-spd-ob\/wp-json\/wp\/v2\/categories?post=643"},{"taxonomy":"post_tag","embeddable":true,"href":"https:\/\/meier-gerdingh.de\/wp-spd-ob\/wp-json\/wp\/v2\/tags?post=643"},{"taxonomy":"quellen","embeddable":true,"href":"https:\/\/meier-gerdingh.de\/wp-spd-ob\/wp-json\/wp\/v2\/quellen?post=643"}],"curies":[{"name":"wp","href":"https:\/\/api.w.org\/{rel}","templated":true}]}}