{"id":6430,"date":"2019-07-09T17:41:55","date_gmt":"2019-07-09T15:41:55","guid":{"rendered":"https:\/\/meier-gerdingh.de\/wp-spd-ob\/?p=6430"},"modified":"2019-07-09T21:11:46","modified_gmt":"2019-07-09T19:11:46","slug":"spd-fordert-offenheit-in-der-kko-krise","status":"publish","type":"post","link":"https:\/\/meier-gerdingh.de\/wp-spd-ob\/2019\/07\/09\/spd-fordert-offenheit-in-der-kko-krise\/","title":{"rendered":"SPD fordert Offenheit in der KKO-Krise"},"content":{"rendered":"<div id=\"attachment_1410\" style=\"width: 150px\" class=\"wp-caption alignleft\"><a href=\"https:\/\/meier-gerdingh.de\/wp-spd-ob\/wp-content\/uploads\/grosse_broemer_wolfgang_14.jpg\"><img aria-describedby=\"caption-attachment-1410\" decoding=\"async\" class=\"size-full wp-image-1410\" src=\"https:\/\/meier-gerdingh.de\/wp-spd-ob\/wp-content\/uploads\/grosse_broemer_wolfgang_14.jpg\" alt=\"\" width=\"140\" height=\"169\" \/><\/a><p id=\"caption-attachment-1410\" class=\"wp-caption-text\">Wolfgang Gro\u00dfe Br\u00f6mer ist Vorsitzender der SPD-Ratsfraktion<\/p><\/div>\n<p>Mit Sorge beobachten die Oberhausener Sozialdemokraten die Entwicklung beim Katholischen Klinikum Oberhausen (KKO). &#8222;Die Insolvenz des gr\u00f6\u00dften Gesundheitsversorgers vor Ort mit drei Krankenh\u00e4usern und fast 2400 Mitarbeitern ist ein schwerer Schlag f\u00fcr die Stadt&#8220;, so der Fraktionsvorsitzende Wolfgang Gro\u00dfe Br\u00f6mer. Welche Folgen dies f\u00fcr den Gesundheitsstandort Oberhausen haben werde, sei noch v\u00f6llig offen.<\/p>\n<p>&#8222;Wir hoffen, dass der von der Gesch\u00e4ftsf\u00fchrung angek\u00fcndigte Restrukturierungsplan sowohl f\u00fcr die Bev\u00f6lkerung als auch f\u00fcr die Besch\u00e4ftigten des Klinikums eine tragf\u00e4hige L\u00f6sung bietet.&#8220;<!--more--><\/p>\n<p>Dabei hoffen die Sozialdemokraten auf Offenheit und Transparenz nicht nur gegen\u00fcber den eigenen Mitarbeiterinnen und Mitarbeitern, sondern auch auf eine aktive Kommunikation mit der Politik.<\/p>\n<p>&#8222;Solch eine Verz\u00f6gerungstaktik wie in Osterfeld, als Politik und \u00d6ffentlichkeit quasi im letzten Moment dar\u00fcber informiert wurden, dass auf dem Gel\u00e4nde des ehemaligen Hallenbades kein Reha-Zentrum errichtet wird, darf es dieses Mal nicht geben&#8220;, fordert Gro\u00dfe Br\u00f6mer.<\/p>\n<p>Bezirksb\u00fcrgermeister Thomas Krey erinnert an die Zusagen, die KKO-Gesch\u00e4ftsf\u00fchrer Michael Boos im Fr\u00fchjahr in der Bezirksvertretung Osterfeld gegeben hat.<\/p>\n<p>&#8222;Auf Nachfragen aus der Versammlung hat Herr Boos noch im Mai zugesichert, dass das Heilmittelangebot, die ambulanten Hilfen, der OP-Bereich und die Essensversorgung in Osterfeld bleiben werden&#8220;, so Krey. &#8222;Wir hoffen, dass sich die KKO-Gesch\u00e4ftsf\u00fchrung in der aktuellen Situation an ihre Zusagen erinnert&#8220;, erkl\u00e4rt der SPD-Stadtverordnete.<\/p>\n","protected":false},"excerpt":{"rendered":"<p>Mit Sorge beobachten die Oberhausener Sozialdemokraten die Entwicklung beim Katholischen Klinikum Oberhausen (KKO). &#8222;Die Insolvenz des gr\u00f6\u00dften Gesundheitsversorgers vor Ort mit drei Krankenh\u00e4usern und fast 2400 Mitarbeitern ist ein schwerer&hellip; <\/p>\n","protected":false},"author":1,"featured_media":0,"comment_status":"closed","ping_status":"closed","sticky":false,"template":"","format":"standard","meta":{"footnotes":""},"categories":[297],"tags":[185,1832,1995,1994,1830,408],"quellen":[326],"class_list":["post-6430","post","type-post","status-publish","format-standard","hentry","category-gesundheit","tag-bezirksvertretung-osterfeld","tag-hallenbad-osterfeld","tag-insolvenz","tag-katholisches-klinikum-oberhausen","tag-kko","tag-reha-zentrum-osterfeld","quellen-spd-fraktion-oberhausen"],"_links":{"self":[{"href":"https:\/\/meier-gerdingh.de\/wp-spd-ob\/wp-json\/wp\/v2\/posts\/6430","targetHints":{"allow":["GET"]}}],"collection":[{"href":"https:\/\/meier-gerdingh.de\/wp-spd-ob\/wp-json\/wp\/v2\/posts"}],"about":[{"href":"https:\/\/meier-gerdingh.de\/wp-spd-ob\/wp-json\/wp\/v2\/types\/post"}],"author":[{"embeddable":true,"href":"https:\/\/meier-gerdingh.de\/wp-spd-ob\/wp-json\/wp\/v2\/users\/1"}],"replies":[{"embeddable":true,"href":"https:\/\/meier-gerdingh.de\/wp-spd-ob\/wp-json\/wp\/v2\/comments?post=6430"}],"version-history":[{"count":0,"href":"https:\/\/meier-gerdingh.de\/wp-spd-ob\/wp-json\/wp\/v2\/posts\/6430\/revisions"}],"wp:attachment":[{"href":"https:\/\/meier-gerdingh.de\/wp-spd-ob\/wp-json\/wp\/v2\/media?parent=6430"}],"wp:term":[{"taxonomy":"category","embeddable":true,"href":"https:\/\/meier-gerdingh.de\/wp-spd-ob\/wp-json\/wp\/v2\/categories?post=6430"},{"taxonomy":"post_tag","embeddable":true,"href":"https:\/\/meier-gerdingh.de\/wp-spd-ob\/wp-json\/wp\/v2\/tags?post=6430"},{"taxonomy":"quellen","embeddable":true,"href":"https:\/\/meier-gerdingh.de\/wp-spd-ob\/wp-json\/wp\/v2\/quellen?post=6430"}],"curies":[{"name":"wp","href":"https:\/\/api.w.org\/{rel}","templated":true}]}}