{"id":644,"date":"2008-09-18T16:00:00","date_gmt":"2008-09-18T14:00:00","guid":{"rendered":"http:\/\/www.meier-gerdingh.de\/spd-oberhausen\/wp\/?p=644"},"modified":"2017-05-14T14:51:10","modified_gmt":"2017-05-14T12:51:10","slug":"oberhausener-jusos-fuer-verfassungsklage","status":"publish","type":"post","link":"https:\/\/meier-gerdingh.de\/wp-spd-ob\/2008\/09\/18\/oberhausener-jusos-fuer-verfassungsklage\/","title":{"rendered":"Oberhausener Jusos f\u00fcr Verfassungsklage"},"content":{"rendered":"<p><a href=\"http:\/\/meier-gerdingh.de\/wp-spd-ob\/wp-content\/uploads\/logo_jusos_oberhausen.gif\"><img decoding=\"async\" class=\"size-full alignleft\" src=\"http:\/\/meier-gerdingh.de\/wp-spd-ob\/wp-content\/uploads\/logo_jusos_oberhausen.gif\" alt=\"\" width=\"189\" height=\"104\" \/><\/a><i>Stellungnahme der Oberhausener Jungsozialisten zur Haushaltsverf\u00fcgung der Bezirksregierung:<\/i><\/p>\n<p>Nachdem wir Jusos schon seit geraumer Zeit den Sparprozess in Oberhausen kritisch verfolgt haben, sahen wir zuletzt in der geplanten Einsparung von mittelfristig ca. 50 Millionen Euro einen gangbaren Weg, die Gemeindefinanzen schrittweise zu ordnen. Umso \u00fcberraschter m\u00fcssen wir zur Kenntnis nehmen, dass diese Vereinbarung nun seitens der Bezirksregierung aufgek\u00fcndigt wurde und die Stadt somit kaum mehr Spielraum hat, den Sparprozess sozial vertr\u00e4glich zu gestalten.<!--more--><\/p>\n<p>Besonders kritisch sehen wir die Gefahr, dass unsere Stadt laut den Pl\u00e4nen der Bezirksregierung in Zukunft freiwillige Aufgaben insbesondere im Jugend- und Sozialbereich nicht mehr wahrnehmen k\u00f6nnen wird. Das bedeutet beispielsweise herbe Einschnitte bei den freien Tr\u00e4gern der Kinder- und Jugendhilfe, die wir nicht hinnehmen k\u00f6nnen. Oberhausen als familien- und b\u00fcrgerfreundliche Stadt darf nicht durch den politisch motivierten Sparzwang der Bezirksregierung entm\u00fcndigt werden!<\/p>\n<p>St\u00e4dte wie Oberhausen sind in ihrer finanziellen Notlage auf Hilfe aus Bund und Land unbedingt angewiesen. Daher unterst\u00fctzen wir Jusos ausdr\u00fccklich eine Verfassungsklage.<\/p>\n","protected":false},"excerpt":{"rendered":"<p>Stellungnahme der Oberhausener Jungsozialisten zur Haushaltsverf\u00fcgung der Bezirksregierung: Nachdem wir Jusos schon seit geraumer Zeit den Sparprozess in Oberhausen kritisch verfolgt haben, sahen wir zuletzt in der geplanten Einsparung von&hellip; <\/p>\n","protected":false},"author":1,"featured_media":0,"comment_status":"closed","ping_status":"closed","sticky":false,"template":"","format":"standard","meta":{"footnotes":""},"categories":[1],"tags":[],"quellen":[],"class_list":["post-644","post","type-post","status-publish","format-standard","hentry","category-allgemein"],"_links":{"self":[{"href":"https:\/\/meier-gerdingh.de\/wp-spd-ob\/wp-json\/wp\/v2\/posts\/644","targetHints":{"allow":["GET"]}}],"collection":[{"href":"https:\/\/meier-gerdingh.de\/wp-spd-ob\/wp-json\/wp\/v2\/posts"}],"about":[{"href":"https:\/\/meier-gerdingh.de\/wp-spd-ob\/wp-json\/wp\/v2\/types\/post"}],"author":[{"embeddable":true,"href":"https:\/\/meier-gerdingh.de\/wp-spd-ob\/wp-json\/wp\/v2\/users\/1"}],"replies":[{"embeddable":true,"href":"https:\/\/meier-gerdingh.de\/wp-spd-ob\/wp-json\/wp\/v2\/comments?post=644"}],"version-history":[{"count":0,"href":"https:\/\/meier-gerdingh.de\/wp-spd-ob\/wp-json\/wp\/v2\/posts\/644\/revisions"}],"wp:attachment":[{"href":"https:\/\/meier-gerdingh.de\/wp-spd-ob\/wp-json\/wp\/v2\/media?parent=644"}],"wp:term":[{"taxonomy":"category","embeddable":true,"href":"https:\/\/meier-gerdingh.de\/wp-spd-ob\/wp-json\/wp\/v2\/categories?post=644"},{"taxonomy":"post_tag","embeddable":true,"href":"https:\/\/meier-gerdingh.de\/wp-spd-ob\/wp-json\/wp\/v2\/tags?post=644"},{"taxonomy":"quellen","embeddable":true,"href":"https:\/\/meier-gerdingh.de\/wp-spd-ob\/wp-json\/wp\/v2\/quellen?post=644"}],"curies":[{"name":"wp","href":"https:\/\/api.w.org\/{rel}","templated":true}]}}