{"id":6440,"date":"2019-07-10T15:20:29","date_gmt":"2019-07-10T13:20:29","guid":{"rendered":"https:\/\/meier-gerdingh.de\/wp-spd-ob\/?p=6440"},"modified":"2019-07-12T15:22:50","modified_gmt":"2019-07-12T13:22:50","slug":"protest-gegen-das-veraenderte-kita-gesetz","status":"publish","type":"post","link":"https:\/\/meier-gerdingh.de\/wp-spd-ob\/2019\/07\/10\/protest-gegen-das-veraenderte-kita-gesetz\/","title":{"rendered":"Protest gegen das ver\u00e4nderte Kita-Gesetz"},"content":{"rendered":"<div id=\"attachment_6431\" style=\"width: 730px\" class=\"wp-caption aligncenter\"><a href=\"https:\/\/meier-gerdingh.de\/wp-spd-ob\/wp-content\/uploads\/2019\/07\/mdl-zimkeit-freitag-tillmann-1200.jpg\"><img aria-describedby=\"caption-attachment-6431\" decoding=\"async\" class=\"size-full wp-image-6431\" src=\"https:\/\/meier-gerdingh.de\/wp-spd-ob\/wp-content\/uploads\/2019\/07\/mdl-zimkeit-freitag-tillmann.jpg\" alt=\"\" width=\"720\" height=\"374\" srcset=\"https:\/\/meier-gerdingh.de\/wp-spd-ob\/wp-content\/uploads\/2019\/07\/mdl-zimkeit-freitag-tillmann.jpg 720w, https:\/\/meier-gerdingh.de\/wp-spd-ob\/wp-content\/uploads\/2019\/07\/mdl-zimkeit-freitag-tillmann-300x156.jpg 300w\" sizes=\"(max-width: 720px) 100vw, 720px\" \/><\/a><p id=\"caption-attachment-6431\" class=\"wp-caption-text\">Elke Freitag, Stefan Zimkeit, Helga Tillmann (Quelle: B\u00fcro Zimkeit)<\/p><\/div>\n<p>Das Aktionsb\u00fcndnis &#8222;Mehr Gro\u00dfe f\u00fcr die Kleinen&#8220; hat landesweit 80.000 Unterschriften gegen die Kita-Pl\u00e4ne der Landesregierung gesammelt, darunter auch sehr viele in Oberhausen. Zur Landtagsdebatte \u00fcber dieses Thema hat Stefan Zimkeit das B\u00fcndnis ins Parlament eingeladen.<\/p>\n<p>Elke Freitag, sie vertritt die evangelischen Mitarbeitendenvertretungen, und Helga Tillmann, Landesvorsitzende der Erzieherinnen in katholischen Einrichtungen, waren nach D\u00fcsseldorf gekommen. Im Gespr\u00e4ch mit dem SPD-Finanzexperten Stefan Zimkeit beklagten sie nach dem Ende der Debatte die Arroganz der schwarz-gelben Regierung.<!--more--><\/p>\n<p>Familienminister Joachim Stamp (FDP) habe die Annahme der 80.000 Unterschrift verweigert, berichtete Tillmann. Stattdessen h\u00e4tten die Vertreter von der SPD und der Gr\u00fcnen-Fraktion die vom Aktionsb\u00fcndnis gesammelten Unterschriften entgegengenommen.<\/p>\n<p>Freitag und Tillmann sprachen sich f\u00fcr aus, dass ein ver\u00e4ndertes Kita-Gesetz das Kindeswohl in den Vordergrund stellt. &#8222;Bildung muss der wichtigste Faktor sein&#8220;, sagte Helga Tillmann.<\/p>\n<p>Stefan Zimkeit kritisierte, dass das Ministerium bei der Formulierung des Gesetzentwurfs nicht zuerst mit den Eltern sowie Erzieherinnen und Erziehern gesprochen habe. &#8222;Minister Stamp ging allein um die Sicherstellung der Finanzierung.&#8220;<\/p>\n<p>Elke Freitag bezweifelte, dass sich der Minister \u00fcberhaupt mit der Realit\u00e4t der Personalausstattung in den Einrichtungen auseinandergesetzt habe. &#8222;Der Fachkraft-Kind-Schl\u00fcssel w\u00fcrde mit dem ver\u00e4nderten Kita-Gesetz jedenfalls nicht wirklich verbessert&#8220;, schloss sich Zimkeit der Kritik des Aktionsb\u00fcndnisses an.<\/p>\n","protected":false},"excerpt":{"rendered":"<p>Das Aktionsb\u00fcndnis &#8222;Mehr Gro\u00dfe f\u00fcr die Kleinen&#8220; hat landesweit 80.000 Unterschriften gegen die Kita-Pl\u00e4ne der Landesregierung gesammelt, darunter auch sehr viele in Oberhausen. Zur Landtagsdebatte \u00fcber dieses Thema hat Stefan&hellip; <\/p>\n","protected":false},"author":1,"featured_media":0,"comment_status":"closed","ping_status":"closed","sticky":false,"template":"","format":"standard","meta":{"footnotes":""},"categories":[179],"tags":[2003,2004,1201,165,1752],"quellen":[331],"class_list":["post-6440","post","type-post","status-publish","format-standard","hentry","category-kinder-und-jugendliche","tag-aktionsbuendnis-mehr-grosse-fuer-die-kleinen","tag-erzieherinnen-und-erzieher","tag-kita-gesetz","tag-kitas","tag-ktes","quellen-mdl-stefan-zimkeit"],"_links":{"self":[{"href":"https:\/\/meier-gerdingh.de\/wp-spd-ob\/wp-json\/wp\/v2\/posts\/6440","targetHints":{"allow":["GET"]}}],"collection":[{"href":"https:\/\/meier-gerdingh.de\/wp-spd-ob\/wp-json\/wp\/v2\/posts"}],"about":[{"href":"https:\/\/meier-gerdingh.de\/wp-spd-ob\/wp-json\/wp\/v2\/types\/post"}],"author":[{"embeddable":true,"href":"https:\/\/meier-gerdingh.de\/wp-spd-ob\/wp-json\/wp\/v2\/users\/1"}],"replies":[{"embeddable":true,"href":"https:\/\/meier-gerdingh.de\/wp-spd-ob\/wp-json\/wp\/v2\/comments?post=6440"}],"version-history":[{"count":0,"href":"https:\/\/meier-gerdingh.de\/wp-spd-ob\/wp-json\/wp\/v2\/posts\/6440\/revisions"}],"wp:attachment":[{"href":"https:\/\/meier-gerdingh.de\/wp-spd-ob\/wp-json\/wp\/v2\/media?parent=6440"}],"wp:term":[{"taxonomy":"category","embeddable":true,"href":"https:\/\/meier-gerdingh.de\/wp-spd-ob\/wp-json\/wp\/v2\/categories?post=6440"},{"taxonomy":"post_tag","embeddable":true,"href":"https:\/\/meier-gerdingh.de\/wp-spd-ob\/wp-json\/wp\/v2\/tags?post=6440"},{"taxonomy":"quellen","embeddable":true,"href":"https:\/\/meier-gerdingh.de\/wp-spd-ob\/wp-json\/wp\/v2\/quellen?post=6440"}],"curies":[{"name":"wp","href":"https:\/\/api.w.org\/{rel}","templated":true}]}}