{"id":6450,"date":"2019-07-29T16:05:23","date_gmt":"2019-07-29T14:05:23","guid":{"rendered":"https:\/\/meier-gerdingh.de\/wp-spd-ob\/?p=6450"},"modified":"2019-08-05T16:07:45","modified_gmt":"2019-08-05T14:07:45","slug":"spd-braucht-keine-kreise-und-fluegel","status":"publish","type":"post","link":"https:\/\/meier-gerdingh.de\/wp-spd-ob\/2019\/07\/29\/spd-braucht-keine-kreise-und-fluegel\/","title":{"rendered":"SPD braucht keine Kreise und Fl\u00fcgel"},"content":{"rendered":"<div id=\"attachment_4242\" style=\"width: 150px\" class=\"wp-caption alignleft\"><a href=\"https:\/\/meier-gerdingh.de\/wp-spd-ob\/wp-content\/uploads\/2017\/05\/zimkeit_stefan_17.jpg\"><img aria-describedby=\"caption-attachment-4242\" decoding=\"async\" class=\"size-full wp-image-4242\" src=\"https:\/\/meier-gerdingh.de\/wp-spd-ob\/wp-content\/uploads\/2017\/05\/zimkeit_stefan_17.jpg\" alt=\"\" width=\"140\" height=\"192\" \/><\/a><p id=\"caption-attachment-4242\" class=\"wp-caption-text\">Stefan Zimkeit ist Landtagsabgeordneter f\u00fcr Oberhausen-Sterkrade und Dinslaken sowie haushalts- und finanzpolitischer Sprecher der SPD-Landtagsfraktion<\/p><\/div>\n<p>Stefan Zimkeit warnt davor, die SPD in immer mehr &#8222;Gr\u00fcppchen&#8220; zu unterteilen. &#8222;Es darf nicht sein, dass wir im W\u00e4hlerzuspruch auf 15 Prozent fallen und uns gleichzeitig in immer mehr Teilgruppen aufspalten&#8220;, sagt der Landtagsabgeordnete. Das gelte f\u00fcr die als angeblich &#8222;wahre SPD&#8220; bekanntgewordenen Initiative &#8222;SPDpur 2030&#8220; ganz genauso wie f\u00fcr bestehende Organisationen wie beispielsweise den Seeheimer Kreis oder die parlamentarische Linke.<\/p>\n<p>&#8222;Alle Gruppen, Kreise und Fl\u00fcgel sollten \u00fcberlegen, mindestens ihre Arbeit einzustellen, bis sich die SPD wieder erholt hat&#8220;, fordert Stefan Zimkeit. &#8222;Stattdessen muss die SPD gemeinsam und offen diskutieren und dann klare Entscheidungen treffen, notfalls auch mit knappen Mehrheiten.&#8220;<!--more--><\/p>\n<p>Entscheidend sei eine inhaltliche Profilsch\u00e4rfung als progressiver und linker Partei. &#8222;Die Menschen wollen keine Sowohl-als-auch-Partei mehr, die sich zu selten eindeutig festlegt&#8220;, stellt Zimkeit fest. &#8222;Teilweise zwingt uns die gro\u00dfe Koalition zu st\u00e4ndigen Kompromissen, teilweise haben wir die Kompromisspolitik in unser Selbstverst\u00e4ndnis \u00fcbernommen, weil wir niemandem wehtun wollen. Doch das funktioniert schon zu lange nicht mehr.&#8220;<\/p>\n<p>Die SPD solle sich auf ihren Markenkern, n\u00e4mlich die soziale Gerechtigkeit konzentrieren. &#8222;Mit vier oder f\u00fcnf klaren Botschaften muss dieses Thema bei der Bildung, der Steuerpolitik und auch dem Klimaschutz verankert werden&#8220;, so Zimkeit. &#8222;Die Zeit der Spiegelstrich-Kompromisse muss vorbei sein.&#8220;<\/p>\n","protected":false},"excerpt":{"rendered":"<p>Stefan Zimkeit warnt davor, die SPD in immer mehr &#8222;Gr\u00fcppchen&#8220; zu unterteilen. &#8222;Es darf nicht sein, dass wir im W\u00e4hlerzuspruch auf 15 Prozent fallen und uns gleichzeitig in immer mehr&hellip; <\/p>\n","protected":false},"author":1,"featured_media":0,"comment_status":"closed","ping_status":"closed","sticky":false,"template":"","format":"standard","meta":{"footnotes":""},"categories":[173],"tags":[2014,2015],"quellen":[331],"class_list":["post-6450","post","type-post","status-publish","format-standard","hentry","category-parteileben","tag-innerparteiliche-gruppierungen","tag-spd-profilschaerfung","quellen-mdl-stefan-zimkeit"],"_links":{"self":[{"href":"https:\/\/meier-gerdingh.de\/wp-spd-ob\/wp-json\/wp\/v2\/posts\/6450","targetHints":{"allow":["GET"]}}],"collection":[{"href":"https:\/\/meier-gerdingh.de\/wp-spd-ob\/wp-json\/wp\/v2\/posts"}],"about":[{"href":"https:\/\/meier-gerdingh.de\/wp-spd-ob\/wp-json\/wp\/v2\/types\/post"}],"author":[{"embeddable":true,"href":"https:\/\/meier-gerdingh.de\/wp-spd-ob\/wp-json\/wp\/v2\/users\/1"}],"replies":[{"embeddable":true,"href":"https:\/\/meier-gerdingh.de\/wp-spd-ob\/wp-json\/wp\/v2\/comments?post=6450"}],"version-history":[{"count":0,"href":"https:\/\/meier-gerdingh.de\/wp-spd-ob\/wp-json\/wp\/v2\/posts\/6450\/revisions"}],"wp:attachment":[{"href":"https:\/\/meier-gerdingh.de\/wp-spd-ob\/wp-json\/wp\/v2\/media?parent=6450"}],"wp:term":[{"taxonomy":"category","embeddable":true,"href":"https:\/\/meier-gerdingh.de\/wp-spd-ob\/wp-json\/wp\/v2\/categories?post=6450"},{"taxonomy":"post_tag","embeddable":true,"href":"https:\/\/meier-gerdingh.de\/wp-spd-ob\/wp-json\/wp\/v2\/tags?post=6450"},{"taxonomy":"quellen","embeddable":true,"href":"https:\/\/meier-gerdingh.de\/wp-spd-ob\/wp-json\/wp\/v2\/quellen?post=6450"}],"curies":[{"name":"wp","href":"https:\/\/api.w.org\/{rel}","templated":true}]}}