{"id":6452,"date":"2019-08-05T16:12:27","date_gmt":"2019-08-05T14:12:27","guid":{"rendered":"https:\/\/meier-gerdingh.de\/wp-spd-ob\/?p=6452"},"modified":"2019-08-05T16:12:27","modified_gmt":"2019-08-05T14:12:27","slug":"spd-informiert-sich-ueber-urban-gardening-projekt","status":"publish","type":"post","link":"https:\/\/meier-gerdingh.de\/wp-spd-ob\/2019\/08\/05\/spd-informiert-sich-ueber-urban-gardening-projekt\/","title":{"rendered":"SPD informiert sich \u00fcber &#8222;Urban-Gardening&#8220;-Projekt"},"content":{"rendered":"<div id=\"attachment_6447\" style=\"width: 250px\" class=\"wp-caption alignleft\"><a href=\"https:\/\/meier-gerdingh.de\/wp-spd-ob\/wp-content\/uploads\/2019\/08\/urban-gardening-1200.jpg\"><img aria-describedby=\"caption-attachment-6447\" decoding=\"async\" class=\"size-full wp-image-6447\" src=\"https:\/\/meier-gerdingh.de\/wp-spd-ob\/wp-content\/uploads\/2019\/08\/urban-gardening.jpg\" alt=\"\" width=\"240\" height=\"240\" srcset=\"https:\/\/meier-gerdingh.de\/wp-spd-ob\/wp-content\/uploads\/2019\/08\/urban-gardening.jpg 240w, https:\/\/meier-gerdingh.de\/wp-spd-ob\/wp-content\/uploads\/2019\/08\/urban-gardening-150x150.jpg 150w\" sizes=\"(max-width: 240px) 100vw, 240px\" \/><\/a><p id=\"caption-attachment-6447\" class=\"wp-caption-text\">Die beiden SPD-Ratsmitglieder Silke Jacobs und Sonja Bongers beim Besuch des &#8222;Urban Gardening&#8220; in Osterfeld<\/p><\/div>\n<p>Die sozialdemokratischen Ratsmitglieder Sonja Bongers und Silke Jacobs haben sich nun \u00fcber das Urban-Gardening-Projekt an der Antony-H\u00fctte in Osterfeld informiert. Dort wird \u00fcber Ma\u00dfnahmen f\u00fcr den Sozialen Arbeitsmarkt ein urbaner Garten bewirtschaftet.<\/p>\n<p>&#8222;Wir waren sofort gepackt von den Menschen vor Ort und wie sie sich um die Pflanzen gek\u00fcmmert haben&#8220;, schw\u00e4rmt die Landtagsabgeordnete Sonja Bongers von dem Projekt. Neben den \u00fcblichen Kr\u00e4utern und Gew\u00fcrzpflanzen werden auch Gurken, Birnen, Erdbeeren und sogar Wein angebaut. Die ben\u00f6tigten Pflanzbeete werden von den dort t\u00e4tigen Personen unter fachkundiger Anleitung selbst angelegt und bewirtschaftet. Gearbeitet wird 15 bis 30 Stunden in der Woche von Montag bis Freitag.<!--more--><\/p>\n<p>&#8222;Sch\u00f6n ist, dass sich die Menschen auch am Wochenende, also in ihrer Freizeit, um die Pflanzen k\u00fcmmern&#8220;, freut sich Silke Jacobs \u00fcber das Engagement. Auch B\u00fcrgerinnen und B\u00fcrger k\u00f6nnen sich um das Bew\u00e4ssern und die Pflege der Beete k\u00fcmmern und auch zwischendurch etwas ernten. &#8222;Im Anschluss an die Pflege oder Ernte l\u00e4sst sich nebenan auch noch eine Tasse Kaffee trinken&#8220;, lautet ein Tipp von Sonja Bongers.<\/p>\n<p>Das Projekt an der Antony-H\u00fctte sei ein gutes Beispiel f\u00fcr die Integration von Langzeitarbeitslosen, die sich dort auch mit ihrer Arbeit identifizieren und die &#8222;Fr\u00fcchte&#8220; derselbigen ernten k\u00f6nnen. Jacobs: &#8222;Wir w\u00fcrden uns freuen, wenn weitere urbane G\u00e4rten entstehen, das ist ein echter Gewinn f\u00fcr jeden Stadtteil.&#8220;<\/p>\n","protected":false},"excerpt":{"rendered":"<p>Die sozialdemokratischen Ratsmitglieder Sonja Bongers und Silke Jacobs haben sich nun \u00fcber das Urban-Gardening-Projekt an der Antony-H\u00fctte in Osterfeld informiert. Dort wird \u00fcber Ma\u00dfnahmen f\u00fcr den Sozialen Arbeitsmarkt ein urbaner&hellip; <\/p>\n","protected":false},"author":1,"featured_media":0,"comment_status":"closed","ping_status":"closed","sticky":false,"template":"","format":"standard","meta":{"footnotes":""},"categories":[174],"tags":[2019,41,740,2018],"quellen":[326],"class_list":["post-6452","post","type-post","status-publish","format-standard","hentry","category-arbeit-und-soziales","tag-antony-huette","tag-osterfeld","tag-sozialer-arbeitsmarkt","tag-urban-gardening","quellen-spd-fraktion-oberhausen"],"_links":{"self":[{"href":"https:\/\/meier-gerdingh.de\/wp-spd-ob\/wp-json\/wp\/v2\/posts\/6452","targetHints":{"allow":["GET"]}}],"collection":[{"href":"https:\/\/meier-gerdingh.de\/wp-spd-ob\/wp-json\/wp\/v2\/posts"}],"about":[{"href":"https:\/\/meier-gerdingh.de\/wp-spd-ob\/wp-json\/wp\/v2\/types\/post"}],"author":[{"embeddable":true,"href":"https:\/\/meier-gerdingh.de\/wp-spd-ob\/wp-json\/wp\/v2\/users\/1"}],"replies":[{"embeddable":true,"href":"https:\/\/meier-gerdingh.de\/wp-spd-ob\/wp-json\/wp\/v2\/comments?post=6452"}],"version-history":[{"count":0,"href":"https:\/\/meier-gerdingh.de\/wp-spd-ob\/wp-json\/wp\/v2\/posts\/6452\/revisions"}],"wp:attachment":[{"href":"https:\/\/meier-gerdingh.de\/wp-spd-ob\/wp-json\/wp\/v2\/media?parent=6452"}],"wp:term":[{"taxonomy":"category","embeddable":true,"href":"https:\/\/meier-gerdingh.de\/wp-spd-ob\/wp-json\/wp\/v2\/categories?post=6452"},{"taxonomy":"post_tag","embeddable":true,"href":"https:\/\/meier-gerdingh.de\/wp-spd-ob\/wp-json\/wp\/v2\/tags?post=6452"},{"taxonomy":"quellen","embeddable":true,"href":"https:\/\/meier-gerdingh.de\/wp-spd-ob\/wp-json\/wp\/v2\/quellen?post=6452"}],"curies":[{"name":"wp","href":"https:\/\/api.w.org\/{rel}","templated":true}]}}