{"id":647,"date":"2008-10-23T16:00:00","date_gmt":"2008-10-23T14:00:00","guid":{"rendered":"http:\/\/www.meier-gerdingh.de\/spd-oberhausen\/wp\/?p=647"},"modified":"2017-05-14T14:50:20","modified_gmt":"2017-05-14T12:50:20","slug":"oberhausen-erhaelt-430000-euro-fuer-kulturhauptstadt-projekte","status":"publish","type":"post","link":"https:\/\/meier-gerdingh.de\/wp-spd-ob\/2008\/10\/23\/oberhausen-erhaelt-430000-euro-fuer-kulturhauptstadt-projekte\/","title":{"rendered":"Oberhausen erh\u00e4lt 430.000 Euro f\u00fcr Kulturhauptstadt-Projekte"},"content":{"rendered":"<div style=\"width: 150px\" class=\"wp-caption alignleft\"><a href=\"http:\/\/meier-gerdingh.de\/wp-spd-ob\/wp-content\/uploads\/flore_manfred.jpg\"><img decoding=\"async\" class=\"size-full\" src=\"http:\/\/meier-gerdingh.de\/wp-spd-ob\/wp-content\/uploads\/flore_manfred.jpg\" alt=\"Manfred Flore ist der kulturpolitische Sprecher der SPD-Ratsfraktion\" width=\"140\" height=\"191\" \/><\/a><p class=\"wp-caption-text\">Manfred Flore ist der kulturpolitische Sprecher der SPD-Ratsfraktion<\/p><\/div>\n<p>Auf Initiative der SPD-Landtagsfraktion wird der NRW-Landtag in seiner heutigen Sitzung eine Finanzhilfe f\u00fcr die Realisierung von Kulturhauptstadt-Projekten im Ruhrgebiet beschlie\u00dfen. Der gemeinsam von allen Landtagsfraktionen getragene Antrag sieht Mittel in H\u00f6he von mehr als zehn Millionen Euro vor. Mit diesem Geld k\u00f6nnen die Kommunen des Regionalverbunds Ruhr eigenverantwortlich Projekte im Rahmen des Kulturhauptstadtjahres 2010 finanzieren. Jede Gemeinde erh\u00e4lt pro Einwohner zwei Euro. F\u00fcr Oberhausen macht das unter dem Strich 434.216 Euro.<!--more--><\/p>\n<p>Dass diese Summe den Revierst\u00e4dten zur Verf\u00fcgung gestellt wird, ist ein toller Erfolg, so der kulturpolitische Sprecher der SPD-Ratsfraktion Manfred Flore. Noch im Januar 2007 habe die CDU-FDP-Koalition einen Antrag der SPD zur finanziellen Unterst\u00fctzung der Ruhrgebietskommunen abgelehnt.<\/p>\n<p>Flore: &#8222;Ich bin froh, dass die Beharrlichkeit der SPD-Landtagsfraktion nun zu einem Umdenken bei den Koalitionsfraktionen gef\u00fchrt hat. Das Geld ist eine hochwillkommene Hilfe f\u00fcr die finanziell gebeutelten St\u00e4dte im Ruhrgebiet, um ihre Projekte f\u00fcr die Kulturhauptstadt 2010 realisieren zu k\u00f6nnen.&#8220;<\/p>\n<p>Flore geht davon aus, dass neben den anderen geplanten Projekten nun insbesondere auch die Finanzierung des Besucherzentrums, um das sich Oberhausen beworben hat, gesichert ist.<\/p>\n","protected":false},"excerpt":{"rendered":"<p>Auf Initiative der SPD-Landtagsfraktion wird der NRW-Landtag in seiner heutigen Sitzung eine Finanzhilfe f\u00fcr die Realisierung von Kulturhauptstadt-Projekten im Ruhrgebiet beschlie\u00dfen. Der gemeinsam von allen Landtagsfraktionen getragene Antrag sieht Mittel&hellip; <\/p>\n","protected":false},"author":1,"featured_media":0,"comment_status":"closed","ping_status":"closed","sticky":false,"template":"","format":"standard","meta":{"footnotes":""},"categories":[1],"tags":[],"quellen":[],"class_list":["post-647","post","type-post","status-publish","format-standard","hentry","category-allgemein"],"_links":{"self":[{"href":"https:\/\/meier-gerdingh.de\/wp-spd-ob\/wp-json\/wp\/v2\/posts\/647","targetHints":{"allow":["GET"]}}],"collection":[{"href":"https:\/\/meier-gerdingh.de\/wp-spd-ob\/wp-json\/wp\/v2\/posts"}],"about":[{"href":"https:\/\/meier-gerdingh.de\/wp-spd-ob\/wp-json\/wp\/v2\/types\/post"}],"author":[{"embeddable":true,"href":"https:\/\/meier-gerdingh.de\/wp-spd-ob\/wp-json\/wp\/v2\/users\/1"}],"replies":[{"embeddable":true,"href":"https:\/\/meier-gerdingh.de\/wp-spd-ob\/wp-json\/wp\/v2\/comments?post=647"}],"version-history":[{"count":0,"href":"https:\/\/meier-gerdingh.de\/wp-spd-ob\/wp-json\/wp\/v2\/posts\/647\/revisions"}],"wp:attachment":[{"href":"https:\/\/meier-gerdingh.de\/wp-spd-ob\/wp-json\/wp\/v2\/media?parent=647"}],"wp:term":[{"taxonomy":"category","embeddable":true,"href":"https:\/\/meier-gerdingh.de\/wp-spd-ob\/wp-json\/wp\/v2\/categories?post=647"},{"taxonomy":"post_tag","embeddable":true,"href":"https:\/\/meier-gerdingh.de\/wp-spd-ob\/wp-json\/wp\/v2\/tags?post=647"},{"taxonomy":"quellen","embeddable":true,"href":"https:\/\/meier-gerdingh.de\/wp-spd-ob\/wp-json\/wp\/v2\/quellen?post=647"}],"curies":[{"name":"wp","href":"https:\/\/api.w.org\/{rel}","templated":true}]}}