{"id":6480,"date":"2019-08-23T10:50:57","date_gmt":"2019-08-23T08:50:57","guid":{"rendered":"https:\/\/meier-gerdingh.de\/wp-spd-ob\/?p=6480"},"modified":"2019-08-25T18:19:54","modified_gmt":"2019-08-25T16:19:54","slug":"spd-will-klarheit-ueber-sterkrader-bahnhofsumfeld","status":"publish","type":"post","link":"https:\/\/meier-gerdingh.de\/wp-spd-ob\/2019\/08\/23\/spd-will-klarheit-ueber-sterkrader-bahnhofsumfeld\/","title":{"rendered":"SPD will Klarheit \u00fcber Sterkrader Bahnhofsumfeld"},"content":{"rendered":"<div id=\"attachment_6481\" style=\"width: 730px\" class=\"wp-caption aligncenter\"><a href=\"https:\/\/meier-gerdingh.de\/wp-spd-ob\/wp-content\/uploads\/2019\/08\/bahnhof-sterkrade-2019-lg.jpg\"><img aria-describedby=\"caption-attachment-6481\" decoding=\"async\" class=\"size-full wp-image-6481\" src=\"https:\/\/meier-gerdingh.de\/wp-spd-ob\/wp-content\/uploads\/2019\/08\/bahnhof-sterkrade-2019.jpg\" alt=\"\" width=\"720\" height=\"290\" srcset=\"https:\/\/meier-gerdingh.de\/wp-spd-ob\/wp-content\/uploads\/2019\/08\/bahnhof-sterkrade-2019.jpg 720w, https:\/\/meier-gerdingh.de\/wp-spd-ob\/wp-content\/uploads\/2019\/08\/bahnhof-sterkrade-2019-300x121.jpg 300w\" sizes=\"(max-width: 720px) 100vw, 720px\" \/><\/a><p id=\"caption-attachment-6481\" class=\"wp-caption-text\">Der Sterkrader Bahnhof<\/p><\/div>\n<p>Die SPD in der Bezirksvertretung Sterkrade und im Planungsausschuss hat von der Verwaltung einen Sachstandsbericht \u00fcber die Planungen am Sterkrader Bahnhof erbeten. Nachdem die Betuwe-Pl\u00e4ne f\u00fcr den Bereich Sterkrade \u00f6ffentlich ausgelegt und die Pl\u00e4ne der Deutschen Bahn pr\u00e4sentiert worden sind, m\u00f6chten die Sozialdemokraten wissen, ob und wie die vorgestellten Pl\u00e4ne sowie die von der Stadt erworbenen Fl\u00e4chen in die Gesamtplanung zur Umgestaltung des Bahnhofsumfeldes einbezogen werden.<!--more--><\/p>\n<p>Au\u00dferdem will die SPD erfahren, wie die zuk\u00fcnftige Verkehrsf\u00fchrung im Bereich der Neum\u00fchler Stra\u00dfe geplant wird und welche Zeitschiene die Verwaltung hinsichtlich des kompletten Umbaus sieht.<\/p>\n","protected":false},"excerpt":{"rendered":"<p>Die SPD in der Bezirksvertretung Sterkrade und im Planungsausschuss hat von der Verwaltung einen Sachstandsbericht \u00fcber die Planungen am Sterkrader Bahnhof erbeten. Nachdem die Betuwe-Pl\u00e4ne f\u00fcr den Bereich Sterkrade \u00f6ffentlich&hellip; <\/p>\n","protected":false},"author":1,"featured_media":0,"comment_status":"closed","ping_status":"closed","sticky":false,"template":"","format":"standard","meta":{"footnotes":""},"categories":[27],"tags":[480,54,1041,479,389,46],"quellen":[326],"class_list":["post-6480","post","type-post","status-publish","format-standard","hentry","category-planen-bauen-wohnen-verkehr","tag-bahnhof-sterkrade","tag-bezirksvertretung-sterkrade","tag-deutsche-bahn-ag","tag-neumuehler-strasse","tag-planungsausschuss","tag-sterkrade","quellen-spd-fraktion-oberhausen"],"_links":{"self":[{"href":"https:\/\/meier-gerdingh.de\/wp-spd-ob\/wp-json\/wp\/v2\/posts\/6480","targetHints":{"allow":["GET"]}}],"collection":[{"href":"https:\/\/meier-gerdingh.de\/wp-spd-ob\/wp-json\/wp\/v2\/posts"}],"about":[{"href":"https:\/\/meier-gerdingh.de\/wp-spd-ob\/wp-json\/wp\/v2\/types\/post"}],"author":[{"embeddable":true,"href":"https:\/\/meier-gerdingh.de\/wp-spd-ob\/wp-json\/wp\/v2\/users\/1"}],"replies":[{"embeddable":true,"href":"https:\/\/meier-gerdingh.de\/wp-spd-ob\/wp-json\/wp\/v2\/comments?post=6480"}],"version-history":[{"count":0,"href":"https:\/\/meier-gerdingh.de\/wp-spd-ob\/wp-json\/wp\/v2\/posts\/6480\/revisions"}],"wp:attachment":[{"href":"https:\/\/meier-gerdingh.de\/wp-spd-ob\/wp-json\/wp\/v2\/media?parent=6480"}],"wp:term":[{"taxonomy":"category","embeddable":true,"href":"https:\/\/meier-gerdingh.de\/wp-spd-ob\/wp-json\/wp\/v2\/categories?post=6480"},{"taxonomy":"post_tag","embeddable":true,"href":"https:\/\/meier-gerdingh.de\/wp-spd-ob\/wp-json\/wp\/v2\/tags?post=6480"},{"taxonomy":"quellen","embeddable":true,"href":"https:\/\/meier-gerdingh.de\/wp-spd-ob\/wp-json\/wp\/v2\/quellen?post=6480"}],"curies":[{"name":"wp","href":"https:\/\/api.w.org\/{rel}","templated":true}]}}