{"id":6483,"date":"2019-08-27T15:56:43","date_gmt":"2019-08-27T13:56:43","guid":{"rendered":"https:\/\/meier-gerdingh.de\/wp-spd-ob\/?p=6483"},"modified":"2019-08-27T15:56:43","modified_gmt":"2019-08-27T13:56:43","slug":"umweltverwaltung-muss-endlich-handeln","status":"publish","type":"post","link":"https:\/\/meier-gerdingh.de\/wp-spd-ob\/2019\/08\/27\/umweltverwaltung-muss-endlich-handeln\/","title":{"rendered":"Umweltverwaltung muss endlich handeln!"},"content":{"rendered":"<div id=\"attachment_5396\" style=\"width: 190px\" class=\"wp-caption alignleft\"><a href=\"https:\/\/meier-gerdingh.de\/wp-spd-ob\/wp-content\/uploads\/2018\/07\/14_flore_manfred_1000.jpg\"><img aria-describedby=\"caption-attachment-5396\" decoding=\"async\" class=\"size-full wp-image-5396\" src=\"https:\/\/meier-gerdingh.de\/wp-spd-ob\/wp-content\/uploads\/2018\/07\/14_flore_manfred.jpg\" alt=\"\" width=\"180\" height=\"180\" srcset=\"https:\/\/meier-gerdingh.de\/wp-spd-ob\/wp-content\/uploads\/2018\/07\/14_flore_manfred.jpg 180w, https:\/\/meier-gerdingh.de\/wp-spd-ob\/wp-content\/uploads\/2018\/07\/14_flore_manfred-150x150.jpg 150w\" sizes=\"(max-width: 180px) 100vw, 180px\" \/><\/a><p id=\"caption-attachment-5396\" class=\"wp-caption-text\">Manfred Flore ist umwelt- und kulturpolitischer Sprecher der SPD-Ratsfraktion<\/p><\/div>\n<p>Der Rat der Stadt hat in der letzten Sitzung vor der Sommerpause nach langer Diskussion einen umfangreichen Antrag zum Klimaschutz in Oberhausen verabschiedet. &#8222;Doch all unsere Bem\u00fchungen bringen uns nicht weiter, wenn die Verwaltung beschlossene Ma\u00dfnahmen zur Luftverbesserung und Klimaschutz gar nicht oder viel zu langsam umsetzt&#8220;, moniert der umweltpolitische Sprecher der SPD-Ratsfraktion, Manfred Flore.<!--more--><\/p>\n<p>Ein negatives Beispiel sei das generelle Durchfahrtsverbot f\u00fcr Lkw auf der M\u00fclheimer Stra\u00dfe. Im Dezember 2018 hat der Rat den Masterplan &#8222;Saubere Luft f\u00fcr Oberhausen&#8220; unver\u00e4ndert beschlossen. Dort hei\u00dft es bez\u00fcglich des Lkw-Verkehrs: &#8222;Im Rahmen des Ma\u00dfnahmenkonzepts (\u2026) soll kurzfristig der Anteil an Schwerlastverkehr auf das geringstm\u00f6gliche Niveau reduziert (\u2026) werden.&#8220; Dieses Lkw-Verbot sei durch konsequente Kontrollen zu flankieren, zudem sei eine Erweiterung der Beschilderung an Lkw-Hauptrouten denkbar.<\/p>\n<p>Noch in der letzten Sitzung des Umweltausschusses vor der Sommerpause habe die Beigeordnete Sabine Lauxen best\u00e4tigt, dass Oberhausen noch nicht sicher sein kann, um ein Diesel-Fahrverbot auf der M\u00fclheimer Stra\u00dfe herumzukommen. Das Lkw-Fahrverbot ist also ein dringend ben\u00f6tigter Baustein, um die Schadstoffwerte auf der M\u00fclheimer Stra\u00dfe wesentlich zu reduzieren und generelle Fahrverbote zu vermeiden.<\/p>\n<p>&#8222;Es erschlie\u00dft sich uns nicht, warum diese Ma\u00dfnahme noch nicht angelaufen ist&#8220;, erkl\u00e4rt Flore. &#8222;Hier h\u00e4tte man auch relativ kurzfristig handeln k\u00f6nnen. Doch selbst die angek\u00fcndigten Hinweise auf das Fahrverbot an den Autobahn-Zufahrten zur M\u00fclheimer Stra\u00dfe sucht man vergebens&#8220;, so der Umweltpolitische Sprecher der SPD.<\/p>\n<p>Da die Verwaltung eine positive Bilanz der Kontrollen durch den neuen mobilen Blitzer vorgestellt hat, scheint die Anschaffung einer zweiten Anlage \u2013 auch zur Kontrolle des Lkw-Durchfahrtsverbots \u2013 durchaus sinnvoll.<\/p>\n<p>Die SPD hat f\u00fcr die erste Sitzung des Umweltausschusses nach der Sommerpause einen Bericht \u00fcber die Gr\u00fcnde f\u00fcr die schleppende Umsetzung des Masterplans erbeten, auch die Anschaffung einer zweiten, mobilen Blitzeranlage soll nach dem Willen der Sozialdemokraten gepr\u00fcft werden.<\/p>\n","protected":false},"excerpt":{"rendered":"<p>Der Rat der Stadt hat in der letzten Sitzung vor der Sommerpause nach langer Diskussion einen umfangreichen Antrag zum Klimaschutz in Oberhausen verabschiedet. &#8222;Doch all unsere Bem\u00fchungen bringen uns nicht&hellip; <\/p>\n","protected":false},"author":1,"featured_media":0,"comment_status":"closed","ping_status":"closed","sticky":false,"template":"","format":"standard","meta":{"footnotes":""},"categories":[29],"tags":[1478,484,2032,2033,2035,2034,2036,1804,30],"quellen":[326],"class_list":["post-6483","post","type-post","status-publish","format-standard","hentry","category-umwelt","tag-fahrverbote","tag-klimaschutz","tag-lkw-fahrverbot","tag-lkw-verkehr","tag-luftverbesserung","tag-masterplan-saubere-luft","tag-mobile-blitzanlage","tag-muelheimer-strasse","tag-umweltausschuss","quellen-spd-fraktion-oberhausen"],"_links":{"self":[{"href":"https:\/\/meier-gerdingh.de\/wp-spd-ob\/wp-json\/wp\/v2\/posts\/6483","targetHints":{"allow":["GET"]}}],"collection":[{"href":"https:\/\/meier-gerdingh.de\/wp-spd-ob\/wp-json\/wp\/v2\/posts"}],"about":[{"href":"https:\/\/meier-gerdingh.de\/wp-spd-ob\/wp-json\/wp\/v2\/types\/post"}],"author":[{"embeddable":true,"href":"https:\/\/meier-gerdingh.de\/wp-spd-ob\/wp-json\/wp\/v2\/users\/1"}],"replies":[{"embeddable":true,"href":"https:\/\/meier-gerdingh.de\/wp-spd-ob\/wp-json\/wp\/v2\/comments?post=6483"}],"version-history":[{"count":0,"href":"https:\/\/meier-gerdingh.de\/wp-spd-ob\/wp-json\/wp\/v2\/posts\/6483\/revisions"}],"wp:attachment":[{"href":"https:\/\/meier-gerdingh.de\/wp-spd-ob\/wp-json\/wp\/v2\/media?parent=6483"}],"wp:term":[{"taxonomy":"category","embeddable":true,"href":"https:\/\/meier-gerdingh.de\/wp-spd-ob\/wp-json\/wp\/v2\/categories?post=6483"},{"taxonomy":"post_tag","embeddable":true,"href":"https:\/\/meier-gerdingh.de\/wp-spd-ob\/wp-json\/wp\/v2\/tags?post=6483"},{"taxonomy":"quellen","embeddable":true,"href":"https:\/\/meier-gerdingh.de\/wp-spd-ob\/wp-json\/wp\/v2\/quellen?post=6483"}],"curies":[{"name":"wp","href":"https:\/\/api.w.org\/{rel}","templated":true}]}}